{"id":8737,"date":"2021-06-01T18:21:00","date_gmt":"2021-06-01T18:21:00","guid":{"rendered":"https:\/\/museurealcompanhiavelha.pt\/?p=8737"},"modified":"2026-04-13T09:29:07","modified_gmt":"2026-04-13T09:29:07","slug":"quiz-a-historia-da-real-companhia-velha","status":"publish","type":"post","link":"https:\/\/museurealcompanhiavelha.pt\/en\/quiz-a-historia-da-real-companhia-velha\/","title":{"rendered":"Quiz- The History of Real Companhia Velha"},"content":{"rendered":"<p><strong><strong><strong><strong><strong><strong><strong><strong><strong>International Children\u2019s Day 2021 - digital quiz<\/strong><\/strong><\/strong><\/strong><\/strong><\/strong><\/strong><\/strong><\/strong><\/p>\n\n\n\n<p class=\"translation-block\">Welcome to another digital activity of the educational service of the Museum of the Oldest Appellation in the World, on this special day. The Quiz presented is based on the information provided in the children\u2019s interactive book, digitally promoted a year ago. Available online,\n <a href=\"https:\/\/museurealcompanhiavelha.pt\/en\/livro-infantil-a-historia-da-real-companhia-velha\/\" target=\"_blank\" rel=\"noreferrer noopener\"><em>click here<\/em><\/a>, and which was digitally promoted a year ago.<\/p>\n\n\n\n<p>This activity consists of 20 questions, taking into account the information provided in this digital book. For each question, three answers are presented, one of them is the correct answer. This is an activity for the entire family and we invite everyone to participate. Do you really know the history of the company and the history of port wine?<\/p>\n\n\n\n<p>Let\u2019s get started\u2026<\/p>\n\n\n\n<figure class=\"wp-block-image size-full\"><img fetchpriority=\"high\" decoding=\"async\" width=\"362\" height=\"586\" src=\"https:\/\/museurealcompanhiavelha.pt\/wp-content\/uploads\/2025\/12\/image-64.png\" alt=\"\" class=\"wp-image-8739\" title=\"\" srcset=\"https:\/\/museurealcompanhiavelha.pt\/wp-content\/uploads\/2025\/12\/image-64.png 362w, https:\/\/museurealcompanhiavelha.pt\/wp-content\/uploads\/2025\/12\/image-64-185x300.png 185w, https:\/\/museurealcompanhiavelha.pt\/wp-content\/uploads\/2025\/12\/image-64-7x12.png 7w, https:\/\/museurealcompanhiavelha.pt\/wp-content\/uploads\/2025\/12\/image-64-250x405.png 250w\" sizes=\"(max-width: 362px) 100vw, 362px\" \/><\/figure>\n\n\n\n<p><strong>QUIZ \u2013 The History of Real Companhia Velha<\/strong><\/p>\n\n\n\n<div class=\"wp-block-group is-vertical is-layout-flex wp-container-core-group-is-layout-8cf370e7 wp-block-group-is-layout-flex\">\n<p class=\"translation-block\"><strong>1st Question<\/strong> \u2013 The Upper Douro Wine region was classified by Unesco as a World Heritage site, in the year of?<\/p>\n\n\n\n<p>&#8211; <strong>2001<\/strong><\/p>\n\n\n\n<p>&#8211; 2004<\/p>\n\n\n\n<p>&#8211; 1998<\/p>\n<\/div>\n\n\n\n<div class=\"wp-block-group is-vertical is-layout-flex wp-container-core-group-is-layout-8cf370e7 wp-block-group-is-layout-flex\">\n<p class=\"translation-block\"><strong>Pergunta 2<\/strong> \u2013 O vinho produzido na regi\u00e3o do Douro j\u00e1 era consumido localmente h\u00e1 muitas centenas de anos. A partir de que s\u00e9culo este vinho passa a ser exportado para outros pa\u00edses?<\/p>\n\n\n\n<p class=\"translation-block\">\u2013 <strong>S\u00e9c. XVII<\/strong><\/p>\n\n\n\n<p>- 15th century<\/p>\n\n\n\n<p>- 16th century<\/p>\n<\/div>\n\n\n\n<div class=\"wp-block-group is-vertical is-layout-flex wp-container-core-group-is-layout-8cf370e7 wp-block-group-is-layout-flex\">\n<p class=\"translation-block\"><strong>3rd Question <\/strong> \u2013 The Treaty of Methuen was used to facilitate the commercialization of Portuguese wines, and was carried out in 1703, among which countries?<\/p>\n\n\n\n<p>- Portugal and Brazil<\/p>\n\n\n\n<p>- Portugal and Spain<\/p>\n\n\n\n<p class=\"translation-block\">\u2013 <strong>Portugal e a Inglaterra<\/strong><\/p>\n<\/div>\n\n\n\n<div class=\"wp-block-group is-vertical is-layout-flex wp-container-core-group-is-layout-8cf370e7 wp-block-group-is-layout-flex\">\n<p class=\"translation-block\"><strong>4th Question<\/strong> \u2013 The Marquis of Pombal established the Companhia Geral da Agricultura das Vinhas do Alto Douro, through the royal charter with the permission of which King?<\/p>\n\n\n\n<p>&#8211; D. Maria I<\/p>\n\n\n\n<p class=\"translation-block\">\u2013 <strong>D. Jose I<\/strong><\/p>\n\n\n\n<p>&#8211; D. Jo\u00e3o IV<\/p>\n<\/div>\n\n\n\n<div class=\"wp-block-group is-vertical is-layout-flex wp-container-core-group-is-layout-8cf370e7 wp-block-group-is-layout-flex\">\n<p class=\"translation-block\"><strong>Pergunta 5<\/strong> \u2013 Em que ano \u00e9 fundada a Real Companhia Velha? Ela \u00e9 estabelecida a 10 de Setembro de \u2026.<\/p>\n\n\n\n<p>&#8211; 1765<\/p>\n\n\n\n<p>&#8211; <strong>1756<\/strong><\/p>\n\n\n\n<p>&#8211; 1657<\/p>\n<\/div>\n\n\n\n<div class=\"wp-block-group is-vertical is-layout-flex wp-container-core-group-is-layout-8cf370e7 wp-block-group-is-layout-flex\">\n<p class=\"translation-block\"><strong>6th Question <\/strong> \u2013 Real Companhia Velha aimed to elevate and give prosperity to Port wine. Considering those objectives, what were the main responsibilities of this Company?<\/p>\n\n\n\n<p>- Produce high quality Port and Alto Douro wine.<\/p>\n\n\n\n<p>- Regulate only the international trade of Port wine, with foreign countries.<\/p>\n\n\n\n<p class=\"translation-block\">\u2013 <strong>Demarcar a regi\u00e3o vin\u00edcola do Alto Douro e regular a produ\u00e7\u00e3o e comercializa\u00e7\u00e3o do vinho a\u00ed produzido.<\/strong><\/p>\n<\/div>\n\n\n\n<div class=\"wp-block-group is-vertical is-layout-flex wp-container-core-group-is-layout-8cf370e7 wp-block-group-is-layout-flex\">\n<p class=\"translation-block\"><strong>7th Question<\/strong> \u2013 The Companhia Geral da Agricultura das Vinhas do Alto Douro created the first demarcated and regulated wine region in the world. How was this demarcation made?<\/p>\n\n\n\n<p class=\"translation-block\">\u2013 <strong>Atrav\u00e9s de marcos de pedra.<\/strong><\/p>\n\n\n\n<p>- Through high fences.<\/p>\n\n\n\n<p>- Through wooden stakes.<\/p>\n<\/div>\n\n\n\n<div class=\"wp-block-group is-vertical is-layout-flex wp-container-core-group-is-layout-8cf370e7 wp-block-group-is-layout-flex\">\n<p class=\"translation-block\"><strong>8th Question<\/strong> \u2013 The commercial control of wines produced in Alto Douro, by the State, in the city of Porto, originated a famous protest, on February 23rd, 1757. Which was known as?<\/p>\n\n\n\n<p>- The Revolt of the English<\/p>\n\n\n\n<p class=\"translation-block\">\u2013 <strong>A Revolta dos Taberneiros<\/strong><\/p>\n\n\n\n<p>- The Merchant Revolt<\/p>\n<\/div>\n\n\n\n<div class=\"wp-block-group is-vertical is-layout-flex wp-container-core-group-is-layout-8cf370e7 wp-block-group-is-layout-flex\">\n<p class=\"translation-block\"><strong>9th Question<\/strong> \u2013The Cooperage was a fundamental craft for the storage of Port wine, in exceptional conditions. From which country did experienced coopers come from to teach the Portuguese makers?<\/p>\n\n\n\n<p class=\"translation-block\">\u2013 <strong>R\u00fassia<\/strong><\/p>\n\n\n\n<p>- France<\/p>\n\n\n\n<p>- Italy<\/p>\n<\/div>\n\n\n\n<div class=\"wp-block-group is-vertical is-layout-flex wp-container-core-group-is-layout-8cf370e7 wp-block-group-is-layout-flex\">\n<p class=\"translation-block\"><strong>10th Question <\/strong> \u2013 The Company supported the creation of various public utility services (building ships, warehouses, factories, among many others) and also carried out several public works (roads, bridges and walls). It was also responsible for improving the navigability of the Douro River, through the destruction of several obstacles, as was the case of Cach\u00e3o da Valeira. What kind of obstacle was this?<\/p>\n\n\n\n<p>-  A dam.<\/p>\n\n\n\n<p>- A fishing place.<\/p>\n\n\n\n<p class=\"translation-block\">\u2013 <strong>Uma cascata<\/strong><\/p>\n<\/div>\n\n\n\n<div class=\"wp-block-group is-vertical is-layout-flex wp-container-core-group-is-layout-8cf370e7 wp-block-group-is-layout-flex\">\n<p class=\"translation-block\"><strong>Pergunta 11<\/strong> \u2013 A Real Companhia Velha criou a primeira escola de ensino superior p\u00fablico na cidade do Porto. A qual est\u00e1 na origem da atual Universidade do Porto. Qual era a sua designa\u00e7\u00e3o:<\/p>\n\n\n\n<p>&#8211; <strong>Nautical Class<\/strong><\/p>\n\n\n\n<p>- Technical Class<\/p>\n\n\n\n<p>- Commerce Class&nbsp;<\/p>\n<\/div>\n\n\n\n<div class=\"wp-block-group is-vertical is-layout-flex wp-container-core-group-is-layout-8cf370e7 wp-block-group-is-layout-flex\">\n<p class=\"translation-block\"><strong>12th Question <\/strong>\u2013 The Companhia Geral da Agricultura do Vinhas do Alto Douro improved the commercialization and international prestige of Port wine. By creating strong commercial relations with several countries, from different continents. In what Russian city was a Portuguese commercial house open, in the 18th century, to deliver Port wine to the empress?<\/p>\n\n\n\n<p>- Moscow<\/p>\n\n\n\n<p class=\"translation-block\">\u2013 <strong>S\u00e3o Petersburgo<\/strong><\/p>\n\n\n\n<p>- Samara&nbsp;<\/p>\n<\/div>\n\n\n\n<div class=\"wp-block-group is-vertical is-layout-flex wp-container-core-group-is-layout-8cf370e7 wp-block-group-is-layout-flex\">\n<p class=\"translation-block\"><strong>13th Question <\/strong>\u2013 The Real Companhia Velha and the dynamism of the Port wine trade, elevated the city of Porto both in terms of social and economic prestige. At the end of the 18th century, what percentage did Port wine represent in terms of national exports?<\/p>\n\n\n\n<p>- Above 45%<\/p>\n\n\n\n<p>- Above 30%&nbsp;<\/p>\n\n\n\n<p class=\"translation-block\">\u2013 <strong>Above 50%<\/strong>\u00a0<\/p>\n<\/div>\n\n\n\n<div class=\"wp-block-group is-vertical is-layout-flex wp-container-core-group-is-layout-8cf370e7 wp-block-group-is-layout-flex\">\n<p class=\"translation-block\"><strong>14th Question <\/strong>\u2013 The 19th century was a century marked by great difficulties for the entire nation and for the Company itself. What were the reasons?<\/p>\n\n\n\n<p>- The Industrial Revolution.<\/p>\n\n\n\n<p>- Brazil's War of Independence and its repercussions.&nbsp;<\/p>\n\n\n\n<p class=\"translation-block\">\u2013 <strong>As Invas\u00f5es Francesas e a Guerra Civil entre os liberais e os absolutistas.<\/strong><\/p>\n<\/div>\n\n\n\n<div class=\"wp-block-group is-vertical is-layout-flex wp-container-core-group-is-layout-8cf370e7 wp-block-group-is-layout-flex\">\n<p class=\"translation-block\"><strong>15th Question<\/strong>\u2013 The second half of the 19th century was marked by the appearance of several pests that plagued the vineyards of the Upper Douro region. The most well-known had very serious repercussions, destroying a large area of vineyards in the region. What was the name of this plague?<\/p>\n\n\n\n<p class=\"translation-block\">\u2013 <strong>Filoxera<\/strong><\/p>\n\n\n\n<p>- Oidium<\/p>\n\n\n\n<p>- Mildew<\/p>\n<\/div>\n\n\n\n<div class=\"wp-block-group is-vertical is-layout-flex wp-container-core-group-is-layout-8cf370e7 wp-block-group-is-layout-flex\">\n<p class=\"translation-block\"><strong>16th Question <\/strong>\u2013 Real Companhia Velha became an independent and world-renowned company, although it definitively lost all of its majestic privileges in the year of \u2026<\/p>\n\n\n\n<p>&#8211; 1889<\/p>\n\n\n\n<p>&#8211; <strong>1865<\/strong><\/p>\n\n\n\n<p>&#8211; 1870<\/p>\n<\/div>\n\n\n\n<div class=\"wp-block-group is-vertical is-layout-flex wp-container-core-group-is-layout-8cf370e7 wp-block-group-is-layout-flex\">\n<p class=\"translation-block\"><strong>17th Question <\/strong>\u2013 By not having the support of the Company to regulate the production and commercialization of Port wine, at the beginning of the 20th century, this wine had lost its prestige. However, what was the name of one of the most famous figures in the History of Port Wine for defending this product?<\/p>\n\n\n\n<p class=\"translation-block\">\u2013 <strong>Bar\u00e3o de Forrester<\/strong><\/p>\n\n\n\n<p>- D. Ant\u00f3nia Ferreira<\/p>\n\n\n\n<p>- Adriano Ramos Pint<\/p>\n<\/div>\n\n\n\n<div class=\"wp-block-group is-vertical is-layout-flex wp-container-core-group-is-layout-8cf370e7 wp-block-group-is-layout-flex\">\n<p class=\"translation-block\"><strong>18th Question<\/strong>\u2013 The first half of the 20th century was marked by the two Great World Wars. How was the commercialization of the port wine affected by this conjecture?<\/p>\n\n\n\n<p>- No significant changes were recorded in the demand for this wine type in the international market.<\/p>\n\n\n\n<p>- The international trade of Port and Douro wine reached new foreign markets and countries.<\/p>\n\n\n\n<p class=\"translation-block\">\u2013&nbsp; <strong>As vendas internacionais deste vinho sofreram fortes quebras repentinas.<\/strong><\/p>\n<\/div>\n\n\n\n<div class=\"wp-block-group is-vertical is-layout-flex wp-container-core-group-is-layout-8cf370e7 wp-block-group-is-layout-flex\">\n<p class=\"translation-block\"><strong>19th Question <\/strong>\u2013 Real Companhia Velha modernizes and consolidates itself in the national and international market, when Manuel da Silva Reis, after acquiring the majority of the company's capital, assumes its direction, in the year of\u2026.<\/p>\n\n\n\n<p>&#8211; <strong>1960<\/strong><\/p>\n\n\n\n<p>&#8211; 1965<\/p>\n\n\n\n<p>&#8211; 1962<\/p>\n<\/div>\n\n\n\n<div class=\"wp-block-group is-vertical is-layout-flex wp-container-core-group-is-layout-8cf370e7 wp-block-group-is-layout-flex\">\n<p class=\"translation-block\"><strong>20th Question <\/strong>\u2013 The Upper Douro Wine Region has a wonderful landscape magnitude. This region extends for how many kilometers along the Douro valley?<\/p>\n\n\n\n<p>&#8211; 200 km<\/p>\n\n\n\n<p>&#8211; <strong>120 km<\/strong><\/p>\n\n\n\n<p>&#8211; 150 km<\/p>\n<\/div>\n\n\n\n<div class=\"wp-block-group is-vertical is-layout-flex wp-container-core-group-is-layout-8cf370e7 wp-block-group-is-layout-flex\">\n<p><\/p>\n\n\n\n<p>Copyright Museu da 1\u00aa Demarca\u00e7\u00e3o \u2013 Real Companhia Velha<\/p>\n\n\n\n<p>\u00a9 Illustration: Maria Ferrand SAL Studio<\/p>\n<\/div>\n\n\n\n<p><\/p>","protected":false},"excerpt":{"rendered":"<p>Dia Mundial da Crian\u00e7a 2021 &#8211; Quiz digital Bem-vindos a mais uma atividade digital do servi\u00e7o educativo do Museu da 1\u00aa Demarca\u00e7\u00e3o, neste dia especial&#8230;.<\/p>","protected":false},"author":1,"featured_media":8738,"comment_status":"open","ping_status":"open","sticky":false,"template":"","format":"standard","meta":{"footnotes":""},"categories":[1],"tags":[],"class_list":["post-8737","post","type-post","status-publish","format-standard","has-post-thumbnail","hentry","category-sem-categoria"],"_links":{"self":[{"href":"https:\/\/museurealcompanhiavelha.pt\/en\/wp-json\/wp\/v2\/posts\/8737","targetHints":{"allow":["GET"]}}],"collection":[{"href":"https:\/\/museurealcompanhiavelha.pt\/en\/wp-json\/wp\/v2\/posts"}],"about":[{"href":"https:\/\/museurealcompanhiavelha.pt\/en\/wp-json\/wp\/v2\/types\/post"}],"author":[{"embeddable":true,"href":"https:\/\/museurealcompanhiavelha.pt\/en\/wp-json\/wp\/v2\/users\/1"}],"replies":[{"embeddable":true,"href":"https:\/\/museurealcompanhiavelha.pt\/en\/wp-json\/wp\/v2\/comments?post=8737"}],"version-history":[{"count":13,"href":"https:\/\/museurealcompanhiavelha.pt\/en\/wp-json\/wp\/v2\/posts\/8737\/revisions"}],"predecessor-version":[{"id":10291,"href":"https:\/\/museurealcompanhiavelha.pt\/en\/wp-json\/wp\/v2\/posts\/8737\/revisions\/10291"}],"wp:featuredmedia":[{"embeddable":true,"href":"https:\/\/museurealcompanhiavelha.pt\/en\/wp-json\/wp\/v2\/media\/8738"}],"wp:attachment":[{"href":"https:\/\/museurealcompanhiavelha.pt\/en\/wp-json\/wp\/v2\/media?parent=8737"}],"wp:term":[{"taxonomy":"category","embeddable":true,"href":"https:\/\/museurealcompanhiavelha.pt\/en\/wp-json\/wp\/v2\/categories?post=8737"},{"taxonomy":"post_tag","embeddable":true,"href":"https:\/\/museurealcompanhiavelha.pt\/en\/wp-json\/wp\/v2\/tags?post=8737"}],"curies":[{"name":"wp","href":"https:\/\/api.w.org\/{rel}","templated":true}]}}