{"id":8737,"date":"2021-06-01T18:21:00","date_gmt":"2021-06-01T18:21:00","guid":{"rendered":"https:\/\/museurealcompanhiavelha.pt\/?p=8737"},"modified":"2026-04-13T09:29:07","modified_gmt":"2026-04-13T09:29:07","slug":"quiz-a-historia-da-real-companhia-velha","status":"publish","type":"post","link":"https:\/\/museurealcompanhiavelha.pt\/es\/quiz-a-historia-da-real-companhia-velha\/","title":{"rendered":"Juego de preguntas: la historia de la Real Companhia Velha"},"content":{"rendered":"<p><strong><strong><strong><strong><strong><strong><strong><strong><strong>D\u00eda Mundial de la Infancia 2021: Juego de preguntas digital<\/strong><\/strong><\/strong><\/strong><\/strong><\/strong><\/strong><\/strong><\/strong><\/p>\n\n\n\n<p class=\"translation-block\">Bienvenidos a una nueva actividad digital del servicio educativo del Museo de la 1.\u00aa Demarcaci\u00f3n en este d\u00eda tan especial. El juego de preguntas que presentamos est\u00e1 basado en la informaci\u00f3n contenida en el libro interactivo infantil, disponible en l\u00ednea <a href=\"https:\/\/museurealcompanhiavelha.pt\/es\/livro-infantil-a-historia-da-real-companhia-velha\/\" target=\"_blank\" rel=\"noreferrer noopener\"><em> haga clic aqu\u00ed<\/em><\/a>, y que promocionamos digitalmente hace un a\u00f1o.<\/p>\n\n\n\n<p>Esta actividad consta de veinte preguntas, formuladas a partir de los contenidos de dicho libro digital. Para cada pregunta se ofrecen tres posibles respuestas, de las cuales solo una es la correcta. Se trata de una actividad para toda la familia e invitamos a todos a participar. \u00bfConocemos realmente la historia de la Compa\u00f1\u00eda y la historia del vino de Oporto?<\/p>\n\n\n\n<p>Empecemos...<\/p>\n\n\n\n<figure class=\"wp-block-image size-full\"><img fetchpriority=\"high\" decoding=\"async\" width=\"362\" height=\"586\" src=\"https:\/\/museurealcompanhiavelha.pt\/wp-content\/uploads\/2025\/12\/image-64.png\" alt=\"\" class=\"wp-image-8739\" title=\"\" srcset=\"https:\/\/museurealcompanhiavelha.pt\/wp-content\/uploads\/2025\/12\/image-64.png 362w, https:\/\/museurealcompanhiavelha.pt\/wp-content\/uploads\/2025\/12\/image-64-185x300.png 185w, https:\/\/museurealcompanhiavelha.pt\/wp-content\/uploads\/2025\/12\/image-64-7x12.png 7w, https:\/\/museurealcompanhiavelha.pt\/wp-content\/uploads\/2025\/12\/image-64-250x405.png 250w\" sizes=\"(max-width: 362px) 100vw, 362px\" \/><\/figure>\n\n\n\n<p><strong>Juego de preguntas: la historia de la Real Companhia Velha<\/strong><\/p>\n\n\n\n<div class=\"wp-block-group is-vertical is-layout-flex wp-container-core-group-is-layout-8cf370e7 wp-block-group-is-layout-flex\">\n<p class=\"translation-block\"><strong>Pregunta 1<\/strong> \u2013\u00bfEn qu\u00e9 a\u00f1o, la regi\u00f3n vin\u00edcola del Alto Douro fue clasificada por la UNESCO, como Patrimonio de la Humanidad?<\/p>\n\n\n\n<p>&#8211; <strong>2001<\/strong><\/p>\n\n\n\n<p>&#8211; 2004<\/p>\n\n\n\n<p>&#8211; 1998<\/p>\n<\/div>\n\n\n\n<div class=\"wp-block-group is-vertical is-layout-flex wp-container-core-group-is-layout-8cf370e7 wp-block-group-is-layout-flex\">\n<p class=\"translation-block\"><strong>Pergunta 2<\/strong> \u2013 O vinho produzido na regi\u00e3o do Douro j\u00e1 era consumido localmente h\u00e1 muitas centenas de anos. A partir de que s\u00e9culo este vinho passa a ser exportado para outros pa\u00edses?<\/p>\n\n\n\n<p class=\"translation-block\">\u2013 <strong>S\u00e9c. XVII<\/strong><\/p>\n\n\n\n<p>&#8211; S\u00e9c. XV<\/p>\n\n\n\n<p>&#8211; S\u00e9c. XVI<\/p>\n<\/div>\n\n\n\n<div class=\"wp-block-group is-vertical is-layout-flex wp-container-core-group-is-layout-8cf370e7 wp-block-group-is-layout-flex\">\n<p class=\"translation-block\"><strong>Pergunta 3<\/strong> \u2013 \u00bfEntre qu\u00e9 pa\u00edses se firm\u00f3 el Tratado de Methuen, que facilit\u00f3 el comercio de vinos portugueses, en 1703?<\/p>\n\n\n\n<p>\u2013 Portugal y Brasil<\/p>\n\n\n\n<p>\u2013 Portugal y Espanha<\/p>\n\n\n\n<p class=\"translation-block\">\u2013 <strong>Portugal y Inglaterra<\/strong><\/p>\n<\/div>\n\n\n\n<div class=\"wp-block-group is-vertical is-layout-flex wp-container-core-group-is-layout-8cf370e7 wp-block-group-is-layout-flex\">\n<p class=\"translation-block\"><strong>Pergunta 4<\/strong> \u2013 \u00bfEl marqu\u00e9s de Pombal fund\u00f3 la Companhia Geral da Agricultura das Vinhas do Alto Douro mediante un decreto real promulgado por qu\u00e9 rey?<\/p>\n\n\n\n<p>&#8211; D. Maria I<\/p>\n\n\n\n<p class=\"translation-block\">\u2013 <strong>D. Jose I<\/strong><\/p>\n\n\n\n<p>&#8211; D. Jo\u00e3o IV<\/p>\n<\/div>\n\n\n\n<div class=\"wp-block-group is-vertical is-layout-flex wp-container-core-group-is-layout-8cf370e7 wp-block-group-is-layout-flex\">\n<p class=\"translation-block\"><strong>Pergunta 5<\/strong> \u2013 \u00bfEn qu\u00e9 a\u00f1o se fund\u00f3 la Real Companhia Velha? Se estableci\u00f3 el 10 de septiembre de\u2026<\/p>\n\n\n\n<p>&#8211; 1765<\/p>\n\n\n\n<p>&#8211; <strong>1756<\/strong><\/p>\n\n\n\n<p>&#8211; 1657<\/p>\n<\/div>\n\n\n\n<div class=\"wp-block-group is-vertical is-layout-flex wp-container-core-group-is-layout-8cf370e7 wp-block-group-is-layout-flex\">\n<p class=\"translation-block\"><strong>Pergunta 6<\/strong> \u2013 La Real Companhia Velha ten\u00eda como objetivo realzar y promover el vino de Oporto. Dado este objetivo, \u00bfcu\u00e1les eran sus principales responsabilidades?<\/p>\n\n\n\n<p>- Producir vinos de Oporto y DOC Douro de alta calidad.<\/p>\n\n\n\n<p>- Regular \u00fanicamente el comercio internacional de vino de Oporto con pa\u00edses extranjeros.<\/p>\n\n\n\n<p class=\"translation-block\">\u2013 <strong>Delimitar la regi\u00f3n vitivin\u00edcola del Alto Douro y regular la producci\u00f3n y comercializaci\u00f3n del vino que all\u00ed se elabora.\n<\/strong><\/p>\n<\/div>\n\n\n\n<div class=\"wp-block-group is-vertical is-layout-flex wp-container-core-group-is-layout-8cf370e7 wp-block-group-is-layout-flex\">\n<p class=\"translation-block\"><strong>Pergunta 7<\/strong> \u2013 La Companhia Geral da Agricultura das Vinhas do Alto Douro cre\u00f3 la primera regi\u00f3n vitivin\u00edcola delimitada y regulada del mundo. \u00bfC\u00f3mo se llev\u00f3 a cabo esta delimitaci\u00f3n?<\/p>\n\n\n\n<p class=\"translation-block\">\u2013 <strong> A trav\u00e9s de mojones de piedra.\n<\/strong><\/p>\n\n\n\n<p>- A trav\u00e9s de valas muy altas.<\/p>\n\n\n\n<p>- A trav\u00e9s de estacas de madera.<\/p>\n<\/div>\n\n\n\n<div class=\"wp-block-group is-vertical is-layout-flex wp-container-core-group-is-layout-8cf370e7 wp-block-group-is-layout-flex\">\n<p class=\"translation-block\"><strong>Pergunta 8<\/strong> \u2013 El control del Estado sobre la producci\u00f3n comercial de vinos en la regi\u00f3n del Alto Douro, concretamente en la ciudad de Oporto, dio lugar a una famosa manifestaci\u00f3n el 23 de febrero de 1757. \u00bfC\u00f3mo se llamaba?<\/p>\n\n\n\n<p>- La Revuelta de los Ingleses<\/p>\n\n\n\n<p class=\"translation-block\">\u2013 <strong> La Revuelta de los Taberneros\n<\/strong><\/p>\n\n\n\n<p>- La Revuelta de los Comerciantes<\/p>\n<\/div>\n\n\n\n<div class=\"wp-block-group is-vertical is-layout-flex wp-container-core-group-is-layout-8cf370e7 wp-block-group-is-layout-flex\">\n<p class=\"translation-block\"><strong>Pergunta 9<\/strong>  \u2013 La Toneler\u00eda era un oficio fundamental para almacenar el vino de Oporto en condiciones excepcionales. \u00bfDe qu\u00e9 pa\u00eds proced\u00edan los toneleros experimentados que ense\u00f1aban a los productores portugueses?<\/p>\n\n\n\n<p class=\"translation-block\">\u2013 <strong>Rusia<\/strong><\/p>\n\n\n\n<p>- Francia<\/p>\n\n\n\n<p>- Italia<\/p>\n<\/div>\n\n\n\n<div class=\"wp-block-group is-vertical is-layout-flex wp-container-core-group-is-layout-8cf370e7 wp-block-group-is-layout-flex\">\n<p class=\"translation-block\"><strong>Pergunta 10<\/strong>  \u2013 La Companhia apoy\u00f3 la creaci\u00f3n de diversos servicios p\u00fablicos (barcos, almacenes, f\u00e1bricas, entre muchos otros) y tambi\u00e9n llev\u00f3 a cabo varias obras p\u00fablicas (carreteras, puentes y malecones). Asimismo, fue responsable de la navegabilidad del r\u00edo Douro, mediante la destrucci\u00f3n de diversos obst\u00e1culos, como el Cach\u00e3o da Valeira. \u00bfQu\u00e9 tipo de obst\u00e1culo era ese?<\/p>\n\n\n\n<p>-  Un ensamble<\/p>\n\n\n\n<p>- Una pesquera<\/p>\n\n\n\n<p class=\"translation-block\">\u2013 <strong>Una cascada<\/strong><\/p>\n<\/div>\n\n\n\n<div class=\"wp-block-group is-vertical is-layout-flex wp-container-core-group-is-layout-8cf370e7 wp-block-group-is-layout-flex\">\n<p class=\"translation-block\"><strong>Pergunta 11<\/strong> \u2013 La Real Companhia Velha cre\u00f3 la primera instituci\u00f3n p\u00fablica de educaci\u00f3n superior en la ciudad de Oporto, que es el origen de la actual Universidad de Oporto. \u00bfCu\u00e1l era su nombre?<\/p>\n\n\n\n<p>&#8211; <strong>Aula N\u00e1utica<\/strong><\/p>\n\n\n\n<p>&#8211; Aula T\u00e9cnica<\/p>\n\n\n\n<p>&#8211; Aula de Com\u00e9rcio&nbsp;<\/p>\n<\/div>\n\n\n\n<div class=\"wp-block-group is-vertical is-layout-flex wp-container-core-group-is-layout-8cf370e7 wp-block-group-is-layout-flex\">\n<p class=\"translation-block\"><strong>Pergunta 12 <\/strong>  \u2013 La Companhia Geral da Agricultura das Vinhas do Alto Douro impuls\u00f3 la comercializaci\u00f3n y el prestigio internacional del vino de Oporto. Esto se logr\u00f3 mediante el establecimiento de fuertes lazos con diversos pa\u00edses de diferentes continentes. \u00bfEn qu\u00e9 ciudad rusa se abri\u00f3 una casa comercial portuguesa en el siglo XVIII para llevar vino de Oporto a la emperatriz?<\/p>\n\n\n\n<p>- Mosc\u00fa<\/p>\n\n\n\n<p class=\"translation-block\">\u2013 <strong>San Petersburgo \n<\/strong>\u00a0<\/p>\n\n\n\n<p>&#8211; Samara&nbsp;<\/p>\n<\/div>\n\n\n\n<div class=\"wp-block-group is-vertical is-layout-flex wp-container-core-group-is-layout-8cf370e7 wp-block-group-is-layout-flex\">\n<p class=\"translation-block\"><strong>Pergunta 13 <\/strong> \u2013 La Real Companhia Velha y el auge del comercio del vino de Oporto elevaron el prestigio social y econ\u00f3mico de la ciudad. A finales del siglo XVIII, \u00bfqu\u00e9 porcentaje representaba el vino de Oporto en las exportaciones nacionales?<\/p>\n\n\n\n<p>- M\u00e1s del 45%<\/p>\n\n\n\n<p>- M\u00e1s del 30%&nbsp;<\/p>\n\n\n\n<p class=\"translation-block\">\u2013 <strong>M\u00e1s del 50% \n<\/strong><\/p>\n<\/div>\n\n\n\n<div class=\"wp-block-group is-vertical is-layout-flex wp-container-core-group-is-layout-8cf370e7 wp-block-group-is-layout-flex\">\n<p class=\"translation-block\"><strong>Pergunta 14 <\/strong> \u2013 El siglo XIX fue un siglo marcado por grandes dificultades para toda la naci\u00f3n y para la propia Compa\u00f1\u00eda. \u00bfCu\u00e1les fueron las razones?<\/p>\n\n\n\n<p>- La Revoluci\u00f3n Industrial.<\/p>\n\n\n\n<p>- La Guerra de Independencia de Brasil y sus repercusiones.&nbsp;<\/p>\n\n\n\n<p class=\"translation-block\">- <strong>Las invasiones francesas y la guerra civil entre liberales y absolutistas.<\/strong><\/p>\n<\/div>\n\n\n\n<div class=\"wp-block-group is-vertical is-layout-flex wp-container-core-group-is-layout-8cf370e7 wp-block-group-is-layout-flex\">\n<p class=\"translation-block\"><strong>Pergunta 15 <\/strong> - La segunda mitad de los siglos XX y XIX estuvo marcada por la aparici\u00f3n de varias plagas que asolaron los vi\u00f1edos del Alto Douro. La m\u00e1s conocida tuvo repercusiones muy graves, destruyendo una gran extensi\u00f3n de vi\u00f1edos en la regi\u00f3n. \u00bfCu\u00e1l era el nombre de esta plaga?<\/p>\n\n\n\n<p class=\"translation-block\">\u2013 <strong>Filoxera<\/strong><\/p>\n\n\n\n<p>&#8211; O\u00eddio<\/p>\n\n\n\n<p>\u2013 Mildi\u00fa<\/p>\n<\/div>\n\n\n\n<div class=\"wp-block-group is-vertical is-layout-flex wp-container-core-group-is-layout-8cf370e7 wp-block-group-is-layout-flex\">\n<p class=\"translation-block\"><strong>Pergunta 16 <\/strong> \u2013La Real Companhia Velha se convierte en una empresa independiente y de renombre mundial, aunque definitivamente perdi\u00f3 todos sus privilegios majestuosos en el a\u00f1o\u2026<\/p>\n\n\n\n<p>&#8211; 1889<\/p>\n\n\n\n<p>&#8211; <strong>1865<\/strong><\/p>\n\n\n\n<p>&#8211; 1870<\/p>\n<\/div>\n\n\n\n<div class=\"wp-block-group is-vertical is-layout-flex wp-container-core-group-is-layout-8cf370e7 wp-block-group-is-layout-flex\">\n<p class=\"translation-block\"><strong>Pergunta 17 <\/strong>\u2013 Sin el apoyo de la Compa\u00f1\u00eda para regular la producci\u00f3n y comercializaci\u00f3n del vino de Oporto, a principios del siglo XX, este vino hab\u00eda perdido su prestigio. Sin embargo, \u00bfcu\u00e1l fue el nombre de una de las figuras m\u00e1s c\u00e9lebres en la historia del vino de Oporto que destac\u00f3 por defender este producto?<\/p>\n\n\n\n<p class=\"translation-block\">\u2013 <strong>Baron de Forrester<\/strong><\/p>\n\n\n\n<p>- Do\u00f1a Ant\u00f3nia Ferreira<\/p>\n\n\n\n<p>&#8211; Adriano Ramos Pinto<\/p>\n<\/div>\n\n\n\n<div class=\"wp-block-group is-vertical is-layout-flex wp-container-core-group-is-layout-8cf370e7 wp-block-group-is-layout-flex\">\n<p class=\"translation-block\"><strong>Pergunta 18 <\/strong> \u2013 La primera mitad del siglo XX estuvo marcada por las dos Guerras Mundiales. \u00bfC\u00f3mo afect\u00f3 esto a la comercializaci\u00f3n del vino de Oporto?<\/p>\n\n\n\n<p>- No se registraron cambios significativos en la demanda de este tipo de vino en el mercado internacional.<\/p>\n\n\n\n<p>- El comercio internacional de vinos de Oporto y del Duero lleg\u00f3 a nuevos mercados extranjeros.<\/p>\n\n\n\n<p class=\"translation-block\">\u2013\u00a0 <strong>-Las ventas internacionales de este vino sufrieron ca\u00eddas dr\u00e1sticas y repentinas.\n<\/strong><\/p>\n<\/div>\n\n\n\n<div class=\"wp-block-group is-vertical is-layout-flex wp-container-core-group-is-layout-8cf370e7 wp-block-group-is-layout-flex\">\n<p class=\"translation-block\"><strong>Pergunta 19 <\/strong> \u2013 Real Companhia Velha moderniz\u00f3 y consolid\u00f3 su posici\u00f3n en el mercado nacional e internacional cuando Manuel da Silva Reis, tras adquirir la mayor\u00eda del capital de la empresa, asumi\u00f3 su gesti\u00f3n en el a\u00f1o...<\/p>\n\n\n\n<p>&#8211; <strong>1960<\/strong><\/p>\n\n\n\n<p>&#8211; 1965<\/p>\n\n\n\n<p>&#8211; 1962<\/p>\n<\/div>\n\n\n\n<div class=\"wp-block-group is-vertical is-layout-flex wp-container-core-group-is-layout-8cf370e7 wp-block-group-is-layout-flex\">\n<p class=\"translation-block\"><strong>Pergunta 20 <\/strong> \u2013 La regi\u00f3n vin\u00edcola del Alto Duero presume de una belleza paisaj\u00edstica incomparable. \u00bfCu\u00e1ntos kil\u00f3metros abarca esta regi\u00f3n a lo largo del valle del Duero?<\/p>\n\n\n\n<p>&#8211; 200 km<\/p>\n\n\n\n<p>&#8211; <strong>120 km<\/strong><\/p>\n\n\n\n<p>&#8211; 150 km<\/p>\n<\/div>\n\n\n\n<div class=\"wp-block-group is-vertical is-layout-flex wp-container-core-group-is-layout-8cf370e7 wp-block-group-is-layout-flex\">\n<p><\/p>\n\n\n\n<p>Copyright Museu da 1\u00aa Demarca\u00e7\u00e3o \u2013 Real Companhia Velha<\/p>\n\n\n\n<p>\u00a9 Ilustraci\u00f3n: Maria Ferrand SAL Studio<\/p>\n<\/div>\n\n\n\n<p><\/p>","protected":false},"excerpt":{"rendered":"<p>Dia Mundial da Crian\u00e7a 2021 &#8211; Quiz digital Bem-vindos a mais uma atividade digital do servi\u00e7o educativo do Museu da 1\u00aa Demarca\u00e7\u00e3o, neste dia especial&#8230;.<\/p>","protected":false},"author":1,"featured_media":8738,"comment_status":"open","ping_status":"open","sticky":false,"template":"","format":"standard","meta":{"footnotes":""},"categories":[1],"tags":[],"class_list":["post-8737","post","type-post","status-publish","format-standard","has-post-thumbnail","hentry","category-sem-categoria"],"_links":{"self":[{"href":"https:\/\/museurealcompanhiavelha.pt\/es\/wp-json\/wp\/v2\/posts\/8737","targetHints":{"allow":["GET"]}}],"collection":[{"href":"https:\/\/museurealcompanhiavelha.pt\/es\/wp-json\/wp\/v2\/posts"}],"about":[{"href":"https:\/\/museurealcompanhiavelha.pt\/es\/wp-json\/wp\/v2\/types\/post"}],"author":[{"embeddable":true,"href":"https:\/\/museurealcompanhiavelha.pt\/es\/wp-json\/wp\/v2\/users\/1"}],"replies":[{"embeddable":true,"href":"https:\/\/museurealcompanhiavelha.pt\/es\/wp-json\/wp\/v2\/comments?post=8737"}],"version-history":[{"count":13,"href":"https:\/\/museurealcompanhiavelha.pt\/es\/wp-json\/wp\/v2\/posts\/8737\/revisions"}],"predecessor-version":[{"id":10291,"href":"https:\/\/museurealcompanhiavelha.pt\/es\/wp-json\/wp\/v2\/posts\/8737\/revisions\/10291"}],"wp:featuredmedia":[{"embeddable":true,"href":"https:\/\/museurealcompanhiavelha.pt\/es\/wp-json\/wp\/v2\/media\/8738"}],"wp:attachment":[{"href":"https:\/\/museurealcompanhiavelha.pt\/es\/wp-json\/wp\/v2\/media?parent=8737"}],"wp:term":[{"taxonomy":"category","embeddable":true,"href":"https:\/\/museurealcompanhiavelha.pt\/es\/wp-json\/wp\/v2\/categories?post=8737"},{"taxonomy":"post_tag","embeddable":true,"href":"https:\/\/museurealcompanhiavelha.pt\/es\/wp-json\/wp\/v2\/tags?post=8737"}],"curies":[{"name":"wp","href":"https:\/\/api.w.org\/{rel}","templated":true}]}}