{"id":8658,"date":"2020-03-13T13:01:00","date_gmt":"2020-03-13T13:01:00","guid":{"rendered":"https:\/\/museurealcompanhiavelha.pt\/?p=8658"},"modified":"2026-04-06T10:52:34","modified_gmt":"2026-04-06T10:52:34","slug":"medida-preventiva-encerramento-temporario","status":"publish","type":"post","link":"https:\/\/museurealcompanhiavelha.pt\/fr\/medida-preventiva-encerramento-temporario\/","title":{"rendered":"Mesure pr\u00e9ventive | Fermeture temporaire"},"content":{"rendered":"<p><strong><strong>D'urgence Plan<\/strong><\/strong><\/p>\n\n\n\n<div class=\"wp-block-group is-vertical is-layout-flex wp-container-core-group-is-layout-8cf370e7 wp-block-group-is-layout-flex\">\n<p>Cher(e)s client(e)s,<\/p>\n\n\n\n<p>Compte tenu de l'\u00e9tat d'alerte d\u00e9clar\u00e9 par notre Gouvernement, afin de pr\u00e9server la sant\u00e9 publique et le bien-\u00eatre de nos clients, de nos collaborateurs et de leurs familles, nous fermerons l'Enoteca 17\u202256 et le Mus\u00e9e de la Plus Ancienne Appellation d\u2019Origine au Monde \u00e0 partir du samedi 14 mars 2020, \u00e0 titre de mesure pr\u00e9ventive face \u00e0 la menace croissante du Covid-19.<\/p>\n\n\n\n<p>La r\u00e9ouverture d\u00e9pendra de l'\u00e9volution de la pand\u00e9mie.<\/p>\n<\/div>\n\n\n\n<p>Fait \u00e0 Vila Nova de Gaia, le 13 mars 2020<\/p>\n\n\n\n<figure class=\"wp-block-image size-full is-resized\"><img fetchpriority=\"high\" decoding=\"async\" width=\"288\" height=\"512\" src=\"https:\/\/museurealcompanhiavelha.pt\/wp-content\/uploads\/2020\/03\/img_noticia_07.jpg\" alt=\"\" class=\"wp-image-10123\" style=\"width:294px;height:auto\" title=\"\" srcset=\"https:\/\/museurealcompanhiavelha.pt\/wp-content\/uploads\/2020\/03\/img_noticia_07.jpg 288w, https:\/\/museurealcompanhiavelha.pt\/wp-content\/uploads\/2020\/03\/img_noticia_07-169x300.jpg 169w, https:\/\/museurealcompanhiavelha.pt\/wp-content\/uploads\/2020\/03\/img_noticia_07-7x12.jpg 7w, https:\/\/museurealcompanhiavelha.pt\/wp-content\/uploads\/2020\/03\/img_noticia_07-250x444.jpg 250w\" sizes=\"(max-width: 288px) 100vw, 288px\" \/><\/figure>","protected":false},"excerpt":{"rendered":"<p>Plano de conting\u00eancia Estimados Clientes, Tendo em conta o Estado de Alerta declarado pelo nosso Governo, a salvaguarda da sa\u00fade p\u00fablica e o bem-estar dos&#8230;<\/p>","protected":false},"author":1,"featured_media":8661,"comment_status":"open","ping_status":"open","sticky":false,"template":"","format":"standard","meta":{"footnotes":""},"categories":[1],"tags":[],"class_list":["post-8658","post","type-post","status-publish","format-standard","has-post-thumbnail","hentry","category-sem-categoria"],"_links":{"self":[{"href":"https:\/\/museurealcompanhiavelha.pt\/fr\/wp-json\/wp\/v2\/posts\/8658","targetHints":{"allow":["GET"]}}],"collection":[{"href":"https:\/\/museurealcompanhiavelha.pt\/fr\/wp-json\/wp\/v2\/posts"}],"about":[{"href":"https:\/\/museurealcompanhiavelha.pt\/fr\/wp-json\/wp\/v2\/types\/post"}],"author":[{"embeddable":true,"href":"https:\/\/museurealcompanhiavelha.pt\/fr\/wp-json\/wp\/v2\/users\/1"}],"replies":[{"embeddable":true,"href":"https:\/\/museurealcompanhiavelha.pt\/fr\/wp-json\/wp\/v2\/comments?post=8658"}],"version-history":[{"count":7,"href":"https:\/\/museurealcompanhiavelha.pt\/fr\/wp-json\/wp\/v2\/posts\/8658\/revisions"}],"predecessor-version":[{"id":10126,"href":"https:\/\/museurealcompanhiavelha.pt\/fr\/wp-json\/wp\/v2\/posts\/8658\/revisions\/10126"}],"wp:featuredmedia":[{"embeddable":true,"href":"https:\/\/museurealcompanhiavelha.pt\/fr\/wp-json\/wp\/v2\/media\/8661"}],"wp:attachment":[{"href":"https:\/\/museurealcompanhiavelha.pt\/fr\/wp-json\/wp\/v2\/media?parent=8658"}],"wp:term":[{"taxonomy":"category","embeddable":true,"href":"https:\/\/museurealcompanhiavelha.pt\/fr\/wp-json\/wp\/v2\/categories?post=8658"},{"taxonomy":"post_tag","embeddable":true,"href":"https:\/\/museurealcompanhiavelha.pt\/fr\/wp-json\/wp\/v2\/tags?post=8658"}],"curies":[{"name":"wp","href":"https:\/\/api.w.org\/{rel}","templated":true}]}}