{"id":8713,"date":"2021-04-16T18:13:00","date_gmt":"2021-04-16T18:13:00","guid":{"rendered":"https:\/\/museurealcompanhiavelha.pt\/?p=8713"},"modified":"2026-04-07T14:58:39","modified_gmt":"2026-04-07T14:58:39","slug":"roteiro-digital-dia-internacional-dos-monumentos-e-sitios-2021","status":"publish","type":"post","link":"https:\/\/museurealcompanhiavelha.pt\/fr\/roteiro-digital-dia-internacional-dos-monumentos-e-sitios-2021\/","title":{"rendered":"Itin\u00e9raire num\u00e9rique \u2013 Journ\u00e9e internationale des monuments et des sites 2021"},"content":{"rendered":"<p><strong>Itin\u00e9raire: \u00ab Sur les rives du Douro \u2013 L'Histoire de la Real Companhia Velha \u00bb<\/strong><\/p>\n\n\n\n<p>Dans le cadre des c\u00e9l\u00e9brations de la Journ\u00e9e internationale des monuments et des sites 2021, le Mus\u00e9e de la Plus Ancienne Appellation d\u2019Origine au Monde lance cet itin\u00e9raire num\u00e9rique. Compos\u00e9 de diff\u00e9rents lieux et b\u00e2timents importants qui illustrent l'Histoire s\u00e9culaire de la Real Companhia Velha, cet itin\u00e9raire invite toutes les personnes int\u00e9ress\u00e9es \u00e0 d\u00e9couvrir le parcours historique de la Compagnie construit sur les rives du Douro.<\/p>\n\n\n\n<p>R\u00e9unissez votre famille pendant ces journ\u00e9es printani\u00e8res et venez d\u00e9couvrir certains des lieux les plus embl\u00e9matiques de la Real Companhia Velha, dans les deux villes (Porto et Vila Nova de Gaia). Nous conseillons \u00e0 tous les participants de porter des v\u00eatements et des chaussures adapt\u00e9s. Nous vous informons que le parcours pr\u00e9sent\u00e9 peut commencer au si\u00e8ge de la Real Companhia Velha (parcours avec moins de d\u00e9nivel\u00e9s) ou au Mus\u00e9e de la Plus Ancienne Appellation d\u2019Origine au Monde (parcours avec plus de d\u00e9nivel\u00e9s). Nous vous souhaitons de belles d\u00e9couvertes!<\/p>\n\n\n\n<p>Remarque: Actuellement, en raison de la situation \u00e9pid\u00e9miologique, les deux espaces de la Real Companhia Velha sont temporairement ferm\u00e9s au public.<\/p>\n\n\n\n<iframe src=\"https:\/\/www.google.com\/maps\/d\/embed?mid=1NNb5RhsPzJbBA_QujTqjoL8Nsr7Vdztc&#038;ehbc=2E312F\" width=\"640\" height=\"480\"><\/iframe>\n\n\n\n<div class=\"wp-block-group is-vertical is-layout-flex wp-container-core-group-is-layout-8cf370e7 wp-block-group-is-layout-flex\">\n<p><\/p>\n\n\n\n<p><strong>Distance totale du parcours.<\/strong><\/p>\n\n\n\n<p>Environ 7 km<\/p>\n<\/div>\n\n\n\n<div class=\"wp-block-group is-vertical is-layout-flex wp-container-core-group-is-layout-8cf370e7 wp-block-group-is-layout-flex\">\n<p><strong>Dur\u00e9e moyenne<\/strong><\/p>\n\n\n\n<p>Entre 1:25h (marche) et 2:00h (avec arr\u00eats \u00e0 diff\u00e9rents points d'int\u00e9r\u00eat)<\/p>\n<\/div>\n\n\n\n<div class=\"wp-block-group is-vertical is-layout-flex wp-container-core-group-is-layout-8cf370e7 wp-block-group-is-layout-flex\">\n<p><strong>Difficult\u00e9.<\/strong><\/p>\n\n\n\n<p>Facile \u00e0 mod\u00e9r\u00e9e (selon la condition physique)<\/p>\n<\/div>\n\n\n\n<p><strong>Real Companhia Velha<\/strong><\/p>\n\n\n\n<p>Bienvenue \u00e0 Real Companhia Velha, initialement appel\u00e9e Companhia Geral da Agricultura das Vinhas do Alto Douro. Cette visite commence par la fa\u00e7ade du b\u00e2timent o\u00f9 se trouve actuellement au-del\u00e0 du si\u00e8ge de l'entreprise. Ce b\u00e2timent appartient \u00e0 l'entreprise depuis 1972, ann\u00e9e o\u00f9 elle occupait les locaux de la Compagnie Royale des Vins du Nord du Portugal. En 1973, l'entreprise y a centralis\u00e9 toutes ses activit\u00e9s.<\/p>\n\n\n\n<p>Ce complexe, d'une superficie de 20 000 m\u00b2, comprend un b\u00e2timent d\u00e9di\u00e9 aux bureaux, un service technique, un espace d'accueil des visiteurs (o\u00f9 d\u00e9butent les visites des c\u00e9l\u00e8bres caves \u00e0 vin de Porto) et deux entrep\u00f4ts d\u00e9di\u00e9s au vieillissement du vin.<\/p>\n\n\n\n<p>Aujourd'hui, Real Companhia Velha se distingue comme l'une des entreprises leaders dans la production et l'exportation de vin, avec une pr\u00e9sence non seulement sur le march\u00e9 national, mais aussi dans 50 pays \u00e0 travers le monde. Outre son si\u00e8ge social, l'entreprise a ouvert le Mus\u00e9e et Cave \u00e0 Vin 17.56 (Mus\u00e9e de la Plus Ancienne Appellation d\u2019Origine au Monde \u2013 o\u00f9 se termine cette visite) en 2018 et poss\u00e8de \u00e9galement cinq domaines dans la r\u00e9gion viticole de l\u2019Alto-Douro (plus de 500 hectares de vignobles).<\/p>\n\n\n\n<p>Nous poursuivrons l'exploration de l'histoire de celle qui est consid\u00e9r\u00e9e comme la plus ancienne entreprise viticole du Portugal, dont l'activit\u00e9 ininterrompue s'\u00e9tend sur plus de 265 ans. Elle a \u00e9t\u00e9 fond\u00e9e par d\u00e9cret royal du roi Jos\u00e9 Ier le 10 septembre 1756.<\/p>\n\n\n\n<figure class=\"wp-block-gallery has-nested-images columns-default is-cropped wp-block-gallery-1 is-layout-flex wp-block-gallery-is-layout-flex\">\n<figure class=\"wp-block-image size-large\"><img fetchpriority=\"high\" decoding=\"async\" width=\"709\" height=\"709\" data-id=\"8718\" src=\"https:\/\/museurealcompanhiavelha.pt\/wp-content\/uploads\/2025\/12\/image-6.jpeg\" alt=\"\" class=\"wp-image-8718\" title=\"\" srcset=\"https:\/\/museurealcompanhiavelha.pt\/wp-content\/uploads\/2025\/12\/image-6.jpeg 709w, https:\/\/museurealcompanhiavelha.pt\/wp-content\/uploads\/2025\/12\/image-6-300x300.jpeg 300w, https:\/\/museurealcompanhiavelha.pt\/wp-content\/uploads\/2025\/12\/image-6-150x150.jpeg 150w, https:\/\/museurealcompanhiavelha.pt\/wp-content\/uploads\/2025\/12\/image-6-12x12.jpeg 12w, https:\/\/museurealcompanhiavelha.pt\/wp-content\/uploads\/2025\/12\/image-6-100x100.jpeg 100w, https:\/\/museurealcompanhiavelha.pt\/wp-content\/uploads\/2025\/12\/image-6-350x350.jpeg 350w, https:\/\/museurealcompanhiavelha.pt\/wp-content\/uploads\/2025\/12\/image-6-650x650.jpeg 650w, https:\/\/museurealcompanhiavelha.pt\/wp-content\/uploads\/2025\/12\/image-6-500x500.jpeg 500w, https:\/\/museurealcompanhiavelha.pt\/wp-content\/uploads\/2025\/12\/image-6-415x415.jpeg 415w, https:\/\/museurealcompanhiavelha.pt\/wp-content\/uploads\/2025\/12\/image-6-250x250.jpeg 250w, https:\/\/museurealcompanhiavelha.pt\/wp-content\/uploads\/2025\/12\/image-6-600x600.jpeg 600w\" sizes=\"(max-width: 709px) 100vw, 709px\" \/><\/figure>\n\n\n\n<figure class=\"wp-block-image size-large\"><img decoding=\"async\" width=\"709\" height=\"709\" data-id=\"8716\" src=\"https:\/\/museurealcompanhiavelha.pt\/wp-content\/uploads\/2025\/12\/image-4.jpeg\" alt=\"\" class=\"wp-image-8716\" title=\"\" srcset=\"https:\/\/museurealcompanhiavelha.pt\/wp-content\/uploads\/2025\/12\/image-4.jpeg 709w, https:\/\/museurealcompanhiavelha.pt\/wp-content\/uploads\/2025\/12\/image-4-300x300.jpeg 300w, https:\/\/museurealcompanhiavelha.pt\/wp-content\/uploads\/2025\/12\/image-4-150x150.jpeg 150w, https:\/\/museurealcompanhiavelha.pt\/wp-content\/uploads\/2025\/12\/image-4-12x12.jpeg 12w, https:\/\/museurealcompanhiavelha.pt\/wp-content\/uploads\/2025\/12\/image-4-100x100.jpeg 100w, https:\/\/museurealcompanhiavelha.pt\/wp-content\/uploads\/2025\/12\/image-4-350x350.jpeg 350w, https:\/\/museurealcompanhiavelha.pt\/wp-content\/uploads\/2025\/12\/image-4-650x650.jpeg 650w, https:\/\/museurealcompanhiavelha.pt\/wp-content\/uploads\/2025\/12\/image-4-500x500.jpeg 500w, https:\/\/museurealcompanhiavelha.pt\/wp-content\/uploads\/2025\/12\/image-4-415x415.jpeg 415w, https:\/\/museurealcompanhiavelha.pt\/wp-content\/uploads\/2025\/12\/image-4-250x250.jpeg 250w, https:\/\/museurealcompanhiavelha.pt\/wp-content\/uploads\/2025\/12\/image-4-600x600.jpeg 600w\" sizes=\"(max-width: 709px) 100vw, 709px\" \/><\/figure>\n<\/figure>\n\n\n\n<p><\/p>\n\n\n\n<iframe src=\"https:\/\/www.google.com\/maps\/embed?pb=!1m18!1m12!1m3!1d3005.0812790896766!2d-8.600973300000001!3d41.132751600000006!2m3!1f0!2f0!3f0!3m2!1i1024!2i768!4f13.1!3m3!1m2!1s0xd2464c435ecaf63%3A0xc1706a5a0969b725!2sReal%20Companhia%20Velha!5e0!3m2!1spt-PT!2spt!4v1775498542070!5m2!1spt-PT!2spt\" width=\"600\" height=\"450\" style=\"border:0;\" allowfullscreen=\"\" loading=\"lazy\" referrerpolicy=\"no-referrer-when-downgrade\"><\/iframe>\n\n\n\n<p><\/p>\n\n\n\n<p><strong>Panneau d'affichage\u2013 \u201cReal Vin\u00edcola\u201d<\/strong><\/p>\n\n\n\n<p>En arrivant au deuxi\u00e8me point de cet itin\u00e9raire, vous pourrez admirer le panneau publicitaire carrel\u00e9 indiquant la visite de la \u00ab Real Vin\u00edcola \u00bb. Comme mentionn\u00e9 pr\u00e9c\u00e9demment, la Real Companhia Velha s'est install\u00e9e dans ce complexe industriel en 1972. Ce site, que nous venons de visiter, appartenait \u00e0 Real Vin\u00edcola, qui y avait \u00e9tabli son si\u00e8ge social depuis 1889. Il convient de noter qu'en 1963, cette entreprise a \u00e9t\u00e9 absorb\u00e9e par la Real Companhia Velha, au cours d'une p\u00e9riode de forte expansion commerciale.<\/p>\n\n\n\n<p>Malgr\u00e9 les p\u00e9riodes tumultueuses qui ont marqu\u00e9 l'histoire de la Real Companhia Velha, son parcours a \u00e9t\u00e9 marqu\u00e9 par de grands progr\u00e8s et d'importants travaux publics, dont nous reparlerons plus loin. Au XXe si\u00e8cle, Manuel da Silva Reis a acquis les premi\u00e8res actions de l'entreprise en 1955. Deux ans plus tard, il en a pris la direction en acqu\u00e9rant une participation majoritaire. Durant son mandat (le plus long de l'histoire de l'entreprise), Real Companhia Velha a connu une croissance et une consolidation de son activit\u00e9. Entre 1960 et 1973, l'entreprise a acquis plusieurs entreprises du secteur, augmentant ainsi ses actifs et ses activit\u00e9s. Durant cette p\u00e9riode, elle a \u00e9galement investi dans des m\u00e9thodes de production innovantes, modernis\u00e9 l'entreprise et augment\u00e9 son capital. Cette p\u00e9riode a \u00e9t\u00e9 l'une des plus dynamiques et florissantes de Real Companhia Velha.<\/p>\n\n\n\n<figure class=\"wp-block-gallery has-nested-images columns-default is-cropped wp-block-gallery-2 is-layout-flex wp-block-gallery-is-layout-flex\">\n<figure class=\"wp-block-image size-large\"><img decoding=\"async\" width=\"709\" height=\"709\" data-id=\"8717\" src=\"https:\/\/museurealcompanhiavelha.pt\/wp-content\/uploads\/2025\/12\/image-5.jpeg\" alt=\"\" class=\"wp-image-8717\" title=\"\" srcset=\"https:\/\/museurealcompanhiavelha.pt\/wp-content\/uploads\/2025\/12\/image-5.jpeg 709w, https:\/\/museurealcompanhiavelha.pt\/wp-content\/uploads\/2025\/12\/image-5-300x300.jpeg 300w, https:\/\/museurealcompanhiavelha.pt\/wp-content\/uploads\/2025\/12\/image-5-150x150.jpeg 150w, https:\/\/museurealcompanhiavelha.pt\/wp-content\/uploads\/2025\/12\/image-5-12x12.jpeg 12w, https:\/\/museurealcompanhiavelha.pt\/wp-content\/uploads\/2025\/12\/image-5-100x100.jpeg 100w, https:\/\/museurealcompanhiavelha.pt\/wp-content\/uploads\/2025\/12\/image-5-350x350.jpeg 350w, https:\/\/museurealcompanhiavelha.pt\/wp-content\/uploads\/2025\/12\/image-5-650x650.jpeg 650w, https:\/\/museurealcompanhiavelha.pt\/wp-content\/uploads\/2025\/12\/image-5-500x500.jpeg 500w, https:\/\/museurealcompanhiavelha.pt\/wp-content\/uploads\/2025\/12\/image-5-415x415.jpeg 415w, https:\/\/museurealcompanhiavelha.pt\/wp-content\/uploads\/2025\/12\/image-5-250x250.jpeg 250w, https:\/\/museurealcompanhiavelha.pt\/wp-content\/uploads\/2025\/12\/image-5-600x600.jpeg 600w\" sizes=\"(max-width: 709px) 100vw, 709px\" \/><\/figure>\n\n\n\n<figure class=\"wp-block-image size-large\"><img loading=\"lazy\" decoding=\"async\" width=\"709\" height=\"709\" data-id=\"8719\" src=\"https:\/\/museurealcompanhiavelha.pt\/wp-content\/uploads\/2025\/12\/image-7.jpeg\" alt=\"\" class=\"wp-image-8719\" title=\"\" srcset=\"https:\/\/museurealcompanhiavelha.pt\/wp-content\/uploads\/2025\/12\/image-7.jpeg 709w, https:\/\/museurealcompanhiavelha.pt\/wp-content\/uploads\/2025\/12\/image-7-300x300.jpeg 300w, https:\/\/museurealcompanhiavelha.pt\/wp-content\/uploads\/2025\/12\/image-7-150x150.jpeg 150w, https:\/\/museurealcompanhiavelha.pt\/wp-content\/uploads\/2025\/12\/image-7-12x12.jpeg 12w, https:\/\/museurealcompanhiavelha.pt\/wp-content\/uploads\/2025\/12\/image-7-100x100.jpeg 100w, https:\/\/museurealcompanhiavelha.pt\/wp-content\/uploads\/2025\/12\/image-7-350x350.jpeg 350w, https:\/\/museurealcompanhiavelha.pt\/wp-content\/uploads\/2025\/12\/image-7-650x650.jpeg 650w, https:\/\/museurealcompanhiavelha.pt\/wp-content\/uploads\/2025\/12\/image-7-500x500.jpeg 500w, https:\/\/museurealcompanhiavelha.pt\/wp-content\/uploads\/2025\/12\/image-7-415x415.jpeg 415w, https:\/\/museurealcompanhiavelha.pt\/wp-content\/uploads\/2025\/12\/image-7-250x250.jpeg 250w, https:\/\/museurealcompanhiavelha.pt\/wp-content\/uploads\/2025\/12\/image-7-600x600.jpeg 600w\" sizes=\"(max-width: 709px) 100vw, 709px\" \/><\/figure>\n<\/figure>\n\n\n\n<p><\/p>\n\n\n\n<iframe src=\"https:\/\/www.google.com\/maps\/embed?pb=!4v1775494772121!6m8!1m7!1sehZLuVaNkAUnqTXE6iy1mA!2m2!1d41.13676210348105!2d-8.608299093263383!3f77.13!4f-1.2900000000000063!5f0.7820865974627469\" width=\"600\" height=\"450\" style=\"border:0;\" allowfullscreen=\"\" loading=\"lazy\" referrerpolicy=\"no-referrer-when-downgrade\"><\/iframe>\n\n\n\n<p><\/p>\n\n\n\n<p><strong>Rectorat de l'Universit\u00e9 de Porto<\/strong><\/p>\n\n\n\n<p>Pour ceux qui ont visit\u00e9 le Mus\u00e9e de la Premi\u00e8re D\u00e9marcation, ce point du parcours n'est pas nouveau, mais pour la plupart, c'est un fait totalement inconnu. La Companhia Geral da Agricultura das Vinhas do Alto Douro a r\u00e9alis\u00e9 plusieurs projets de travaux publics, non seulement dans la r\u00e9gion viticole de l\u2019Alto-Douro, mais aussi dans la ville m\u00eame de Porto.<\/p>\n\n\n\n<p>Parmi ses nombreuses r\u00e9alisations, la Compagnie a jou\u00e9 un r\u00f4le essentiel dans l'\u00e9tablissement des bases de l'enseignement technique sup\u00e9rieur \u00e0 Porto. En 1762, la Compagnie a cr\u00e9\u00e9 la Salle de Nautique, destin\u00e9e \u00e0 former les officiers des fr\u00e9gates de Porto, tant pour la protection des c\u00f4tes portugaises que pour les navires en route vers le Br\u00e9sil. Plus tard, en 1779, la Salle de Croquis et de Dessin a \u00e9galement \u00e9t\u00e9 cr\u00e9\u00e9, proposant des cours de pilotage, de commerce et d'industrie. Des ann\u00e9es plus tard, en 1803, la Compagnie fonda l'Acad\u00e9mie Royale de la Marine et du Commerce \u00e0 Porto, sur le site actuel du Rectorat de l'Universit\u00e9 de Porto. Divers cours officiels y \u00e9taient dispens\u00e9s : commerce, math\u00e9matiques et langues. C'est pourquoi le Conseil de la Compagnie \u00e9tait charg\u00e9 d'inspecter cet \u00e9tablissement d'enseignement. En 1837, l'Acad\u00e9mie fut retir\u00e9e de la juridiction de la Compagnie et transform\u00e9e en Acad\u00e9mie polytechnique. Au XXe si\u00e8cle, en 1911, l'Acad\u00e9mie polytechnique fusionna avec l'\u00c9cole m\u00e9dico-chirurgicale, donnant ainsi naissance \u00e0 l'Universit\u00e9 de Porto.<\/p>\n\n\n\n<figure class=\"wp-block-gallery has-nested-images columns-default is-cropped wp-block-gallery-3 is-layout-flex wp-block-gallery-is-layout-flex\">\n<figure class=\"wp-block-image size-large\"><img loading=\"lazy\" decoding=\"async\" width=\"709\" height=\"709\" data-id=\"8722\" src=\"https:\/\/museurealcompanhiavelha.pt\/wp-content\/uploads\/2025\/12\/image-10.jpeg\" alt=\"\" class=\"wp-image-8722\" title=\"\" srcset=\"https:\/\/museurealcompanhiavelha.pt\/wp-content\/uploads\/2025\/12\/image-10.jpeg 709w, https:\/\/museurealcompanhiavelha.pt\/wp-content\/uploads\/2025\/12\/image-10-300x300.jpeg 300w, https:\/\/museurealcompanhiavelha.pt\/wp-content\/uploads\/2025\/12\/image-10-150x150.jpeg 150w, https:\/\/museurealcompanhiavelha.pt\/wp-content\/uploads\/2025\/12\/image-10-12x12.jpeg 12w, https:\/\/museurealcompanhiavelha.pt\/wp-content\/uploads\/2025\/12\/image-10-100x100.jpeg 100w, https:\/\/museurealcompanhiavelha.pt\/wp-content\/uploads\/2025\/12\/image-10-350x350.jpeg 350w, https:\/\/museurealcompanhiavelha.pt\/wp-content\/uploads\/2025\/12\/image-10-650x650.jpeg 650w, https:\/\/museurealcompanhiavelha.pt\/wp-content\/uploads\/2025\/12\/image-10-500x500.jpeg 500w, https:\/\/museurealcompanhiavelha.pt\/wp-content\/uploads\/2025\/12\/image-10-415x415.jpeg 415w, https:\/\/museurealcompanhiavelha.pt\/wp-content\/uploads\/2025\/12\/image-10-250x250.jpeg 250w, https:\/\/museurealcompanhiavelha.pt\/wp-content\/uploads\/2025\/12\/image-10-600x600.jpeg 600w\" sizes=\"(max-width: 709px) 100vw, 709px\" \/><\/figure>\n\n\n\n<figure class=\"wp-block-image size-large\"><img loading=\"lazy\" decoding=\"async\" width=\"709\" height=\"709\" data-id=\"8720\" src=\"https:\/\/museurealcompanhiavelha.pt\/wp-content\/uploads\/2025\/12\/image-8.jpeg\" alt=\"\" class=\"wp-image-8720\" title=\"\" srcset=\"https:\/\/museurealcompanhiavelha.pt\/wp-content\/uploads\/2025\/12\/image-8.jpeg 709w, https:\/\/museurealcompanhiavelha.pt\/wp-content\/uploads\/2025\/12\/image-8-300x300.jpeg 300w, https:\/\/museurealcompanhiavelha.pt\/wp-content\/uploads\/2025\/12\/image-8-150x150.jpeg 150w, https:\/\/museurealcompanhiavelha.pt\/wp-content\/uploads\/2025\/12\/image-8-12x12.jpeg 12w, https:\/\/museurealcompanhiavelha.pt\/wp-content\/uploads\/2025\/12\/image-8-100x100.jpeg 100w, https:\/\/museurealcompanhiavelha.pt\/wp-content\/uploads\/2025\/12\/image-8-350x350.jpeg 350w, https:\/\/museurealcompanhiavelha.pt\/wp-content\/uploads\/2025\/12\/image-8-650x650.jpeg 650w, https:\/\/museurealcompanhiavelha.pt\/wp-content\/uploads\/2025\/12\/image-8-500x500.jpeg 500w, https:\/\/museurealcompanhiavelha.pt\/wp-content\/uploads\/2025\/12\/image-8-415x415.jpeg 415w, https:\/\/museurealcompanhiavelha.pt\/wp-content\/uploads\/2025\/12\/image-8-250x250.jpeg 250w, https:\/\/museurealcompanhiavelha.pt\/wp-content\/uploads\/2025\/12\/image-8-600x600.jpeg 600w\" sizes=\"(max-width: 709px) 100vw, 709px\" \/><\/figure>\n<\/figure>\n\n\n\n<p><\/p>\n\n\n\n<iframe src=\"https:\/\/www.google.com\/maps\/embed?pb=!1m18!1m12!1m3!1d3004.4373674721237!2d-8.6156993!3d41.1468068!2m3!1f0!2f0!3f0!3m2!1i1024!2i768!4f13.1!3m3!1m2!1s0xd2465b3753ca97f%3A0xb7b789e22fdcd24f!2sReitoria%20da%20Universidade%20do%20Porto!5e0!3m2!1spt-PT!2spt!4v1775498499365!5m2!1spt-PT!2spt\" width=\"600\" height=\"450\" style=\"border:0;\" allowfullscreen=\"\" loading=\"lazy\" referrerpolicy=\"no-referrer-when-downgrade\"><\/iframe>\n\n\n\n<p><\/p>\n\n\n\n<p><strong>Ancienne Casa da Companhia<\/strong><\/p>\n\n\n\n<p>Nous sommes maintenant \u00e0 mi-chemin de notre visite historique et nous nous trouvons \u00e0 l'ancien et premier si\u00e8ge de la Compagnie, encore appel\u00e9 \u00ab Casa da Companhia\u00bb. Ce b\u00e2timent des XIXe-XVIe si\u00e8cles, \u00e0 l'origine un immeuble r\u00e9sidentiel, est situ\u00e9 Rua das Flores. Francisco Neto de Figueiroa l'a fait construire avec les caract\u00e9ristiques architecturales que nous connaissons aujourd'hui. La Companhia Geral da Agricultura das Vinhas do Alto Douro a lou\u00e9 cette maison entre 1756 et 1805, date \u00e0 laquelle elle en a fait l'acquisition. Elle y a \u00e9tabli son si\u00e8ge, plus pr\u00e9cis\u00e9ment \u00ab son bureau d'exp\u00e9dition, son secr\u00e9tariat, son bureau de comptabilit\u00e9 et son bureau \u00bb. Le si\u00e8ge de la compagnie y est rest\u00e9 jusqu'en 1961.<\/p>\n\n\n\n<p>Comme nous l'avons vu pr\u00e9c\u00e9demment, la Compagnie royale a \u00e9t\u00e9 fond\u00e9e par le roi Jos\u00e9 Ier et \u00e9tait donc une entreprise majestueuse, dot\u00e9e de nombreux privil\u00e8ges et pouvoirs publics. Institution d\u00e9pendant directement du roi, elle \u00e9tait donc ind\u00e9pendante des tribunaux et disposait de sa propre juridiction par l'interm\u00e9diaire de son Tribunal d'enregistrement. Elle \u00e9tait \u00e9galement investie de fonctions publiques de r\u00e9glementation de la production et du commerce du vin, ainsi que de fixation des prix, et de pouvoirs de police administrative. Ces privil\u00e8ges et pouvoirs sont rest\u00e9s inchang\u00e9s entre 1756 et 1834, ann\u00e9e o\u00f9 l'institution a perdu tous ses privil\u00e8ges.<\/p>\n\n\n\n<p>Ses origines remontent au climat \u00e9conomique et politique du pays au milieu du XVIIIe si\u00e8cle, notamment \u00e0 la crise \u00e9conomique li\u00e9e \u00e0 l'exportation du vin du Douro, ainsi qu'\u00e0 la r\u00e9organisation \u00e9conomique et commerciale men\u00e9e par le marquis de Pombal. La Companhia Geral da Agricultura das Vinhas do Alto Douro a \u00e9t\u00e9 fond\u00e9e d\u00e8s sa cr\u00e9ation par un groupe d'actionnaires compos\u00e9 des notables de Porto et des principaux agriculteurs de la r\u00e9gion de l\u2019Alto-Douro.<\/p>\n\n\n\n<figure class=\"wp-block-gallery has-nested-images columns-default is-cropped wp-block-gallery-4 is-layout-flex wp-block-gallery-is-layout-flex\">\n<figure class=\"wp-block-image size-large\"><img loading=\"lazy\" decoding=\"async\" width=\"709\" height=\"709\" data-id=\"8723\" src=\"https:\/\/museurealcompanhiavelha.pt\/wp-content\/uploads\/2025\/12\/image-11.jpeg\" alt=\"\" class=\"wp-image-8723\" title=\"\" srcset=\"https:\/\/museurealcompanhiavelha.pt\/wp-content\/uploads\/2025\/12\/image-11.jpeg 709w, https:\/\/museurealcompanhiavelha.pt\/wp-content\/uploads\/2025\/12\/image-11-300x300.jpeg 300w, https:\/\/museurealcompanhiavelha.pt\/wp-content\/uploads\/2025\/12\/image-11-150x150.jpeg 150w, https:\/\/museurealcompanhiavelha.pt\/wp-content\/uploads\/2025\/12\/image-11-12x12.jpeg 12w, https:\/\/museurealcompanhiavelha.pt\/wp-content\/uploads\/2025\/12\/image-11-100x100.jpeg 100w, https:\/\/museurealcompanhiavelha.pt\/wp-content\/uploads\/2025\/12\/image-11-350x350.jpeg 350w, https:\/\/museurealcompanhiavelha.pt\/wp-content\/uploads\/2025\/12\/image-11-650x650.jpeg 650w, https:\/\/museurealcompanhiavelha.pt\/wp-content\/uploads\/2025\/12\/image-11-500x500.jpeg 500w, https:\/\/museurealcompanhiavelha.pt\/wp-content\/uploads\/2025\/12\/image-11-415x415.jpeg 415w, https:\/\/museurealcompanhiavelha.pt\/wp-content\/uploads\/2025\/12\/image-11-250x250.jpeg 250w, https:\/\/museurealcompanhiavelha.pt\/wp-content\/uploads\/2025\/12\/image-11-600x600.jpeg 600w\" sizes=\"(max-width: 709px) 100vw, 709px\" \/><\/figure>\n\n\n\n<figure class=\"wp-block-image size-large\"><img loading=\"lazy\" decoding=\"async\" width=\"709\" height=\"709\" data-id=\"8721\" src=\"https:\/\/museurealcompanhiavelha.pt\/wp-content\/uploads\/2025\/12\/image-9.jpeg\" alt=\"\" class=\"wp-image-8721\" title=\"\" srcset=\"https:\/\/museurealcompanhiavelha.pt\/wp-content\/uploads\/2025\/12\/image-9.jpeg 709w, https:\/\/museurealcompanhiavelha.pt\/wp-content\/uploads\/2025\/12\/image-9-300x300.jpeg 300w, https:\/\/museurealcompanhiavelha.pt\/wp-content\/uploads\/2025\/12\/image-9-150x150.jpeg 150w, https:\/\/museurealcompanhiavelha.pt\/wp-content\/uploads\/2025\/12\/image-9-12x12.jpeg 12w, https:\/\/museurealcompanhiavelha.pt\/wp-content\/uploads\/2025\/12\/image-9-100x100.jpeg 100w, https:\/\/museurealcompanhiavelha.pt\/wp-content\/uploads\/2025\/12\/image-9-350x350.jpeg 350w, https:\/\/museurealcompanhiavelha.pt\/wp-content\/uploads\/2025\/12\/image-9-650x650.jpeg 650w, https:\/\/museurealcompanhiavelha.pt\/wp-content\/uploads\/2025\/12\/image-9-500x500.jpeg 500w, https:\/\/museurealcompanhiavelha.pt\/wp-content\/uploads\/2025\/12\/image-9-415x415.jpeg 415w, https:\/\/museurealcompanhiavelha.pt\/wp-content\/uploads\/2025\/12\/image-9-250x250.jpeg 250w, https:\/\/museurealcompanhiavelha.pt\/wp-content\/uploads\/2025\/12\/image-9-600x600.jpeg 600w\" sizes=\"(max-width: 709px) 100vw, 709px\" \/><\/figure>\n<\/figure>\n\n\n\n<p><\/p>\n\n\n\n<iframe src=\"https:\/\/www.google.com\/maps\/embed?pb=!1m18!1m12!1m3!1d3004.565021586587!2d-8.6137313!3d41.1440207!2m3!1f0!2f0!3f0!3m2!1i1024!2i768!4f13.1!3m3!1m2!1s0xd2465a2cd77795b%3A0x9457af7b6ea4ba2b!2sCasa%20da%20Companhia%20Hotel!5e0!3m2!1spt-PT!2spt!4v1775498458023!5m2!1spt-PT!2spt\" width=\"600\" height=\"450\" style=\"border:0;\" allowfullscreen=\"\" loading=\"lazy\" referrerpolicy=\"no-referrer-when-downgrade\"><\/iframe>\n\n\n\n<p><\/p>\n\n\n\n<p><strong>Anciens entrep\u00f4ts de l'entreprise<\/strong><\/p>\n\n\n\n<p>Compte tenu du r\u00f4le pr\u00e9pond\u00e9rant de la Real Companhia Velha dans l'exportation du vin de Porto et du Douro, elle poss\u00e9dait plusieurs entrep\u00f4ts sur les rives de Vila Nova de Gaia et dans la ville de Porto. Ce b\u00e2timent, initialement un ancien entrep\u00f4t de la Compagnie, est aujourd'hui occup\u00e9 par le consulat de l'ambassade d'Estonie \u00e0 Porto.<\/p>\n\n\n\n<p>L'une des mesures mises en place par la Compagnie \u00e9tait l'acquisition de vin pour r\u00e9guler le march\u00e9, et elle b\u00e9n\u00e9ficiait d'une priorit\u00e9 d'achat. La Companhia Geral da Agricultura das Vinhas do Alto Douro d\u00e9tenait \u00e9galement l'exclusivit\u00e9 de l'approvisionnement en vin des tavernes de Porto et des environs, ainsi que de la production et de la vente d'eaux-de-vie \u00e0 Porto et dans le Nord. En tant qu'entreprise majestueuse, ses privil\u00e8ges commerciaux d'exportation \u00e9taient \u00e9galement nombreux. Elle d\u00e9tenait notamment l'exclusivit\u00e9 du commerce des vins, des eaux-de-vie et des vinaigres avec le Br\u00e9sil jusqu'en 1777. Le Br\u00e9sil \u00e9tait ainsi l'un des march\u00e9s internationaux les plus importants pour le vin du Alto-Douro (une position qu'il conserve encore aujourd'hui). Le commerce avec l'Angleterre \u00e9tait tout aussi important au XVIIIe si\u00e8cle. D\u00e8s 1779, la soci\u00e9t\u00e9 \u00e9tendit ses activit\u00e9s \u00e0 la Russie et aux \u00c9tats baltes et, aux XVIIIe et XIXe si\u00e8cles, elle exporta vers les \u00c9tats-Unis nouvellement form\u00e9s et d'autres parties du monde.<\/p>\n\n\n\n<figure class=\"wp-block-gallery has-nested-images columns-default is-cropped wp-block-gallery-5 is-layout-flex wp-block-gallery-is-layout-flex\">\n<figure class=\"wp-block-image size-large\"><img loading=\"lazy\" decoding=\"async\" width=\"709\" height=\"709\" data-id=\"8726\" src=\"https:\/\/museurealcompanhiavelha.pt\/wp-content\/uploads\/2025\/12\/image-14.jpeg\" alt=\"\" class=\"wp-image-8726\" title=\"\" srcset=\"https:\/\/museurealcompanhiavelha.pt\/wp-content\/uploads\/2025\/12\/image-14.jpeg 709w, https:\/\/museurealcompanhiavelha.pt\/wp-content\/uploads\/2025\/12\/image-14-300x300.jpeg 300w, https:\/\/museurealcompanhiavelha.pt\/wp-content\/uploads\/2025\/12\/image-14-150x150.jpeg 150w, https:\/\/museurealcompanhiavelha.pt\/wp-content\/uploads\/2025\/12\/image-14-12x12.jpeg 12w, https:\/\/museurealcompanhiavelha.pt\/wp-content\/uploads\/2025\/12\/image-14-100x100.jpeg 100w, https:\/\/museurealcompanhiavelha.pt\/wp-content\/uploads\/2025\/12\/image-14-350x350.jpeg 350w, https:\/\/museurealcompanhiavelha.pt\/wp-content\/uploads\/2025\/12\/image-14-650x650.jpeg 650w, https:\/\/museurealcompanhiavelha.pt\/wp-content\/uploads\/2025\/12\/image-14-500x500.jpeg 500w, https:\/\/museurealcompanhiavelha.pt\/wp-content\/uploads\/2025\/12\/image-14-415x415.jpeg 415w, https:\/\/museurealcompanhiavelha.pt\/wp-content\/uploads\/2025\/12\/image-14-250x250.jpeg 250w, https:\/\/museurealcompanhiavelha.pt\/wp-content\/uploads\/2025\/12\/image-14-600x600.jpeg 600w\" sizes=\"(max-width: 709px) 100vw, 709px\" \/><\/figure>\n\n\n\n<figure class=\"wp-block-image size-large\"><img loading=\"lazy\" decoding=\"async\" width=\"709\" height=\"709\" data-id=\"8725\" src=\"https:\/\/museurealcompanhiavelha.pt\/wp-content\/uploads\/2025\/12\/image-13.jpeg\" alt=\"\" class=\"wp-image-8725\" title=\"\" srcset=\"https:\/\/museurealcompanhiavelha.pt\/wp-content\/uploads\/2025\/12\/image-13.jpeg 709w, https:\/\/museurealcompanhiavelha.pt\/wp-content\/uploads\/2025\/12\/image-13-300x300.jpeg 300w, https:\/\/museurealcompanhiavelha.pt\/wp-content\/uploads\/2025\/12\/image-13-150x150.jpeg 150w, https:\/\/museurealcompanhiavelha.pt\/wp-content\/uploads\/2025\/12\/image-13-12x12.jpeg 12w, https:\/\/museurealcompanhiavelha.pt\/wp-content\/uploads\/2025\/12\/image-13-100x100.jpeg 100w, https:\/\/museurealcompanhiavelha.pt\/wp-content\/uploads\/2025\/12\/image-13-350x350.jpeg 350w, https:\/\/museurealcompanhiavelha.pt\/wp-content\/uploads\/2025\/12\/image-13-650x650.jpeg 650w, https:\/\/museurealcompanhiavelha.pt\/wp-content\/uploads\/2025\/12\/image-13-500x500.jpeg 500w, https:\/\/museurealcompanhiavelha.pt\/wp-content\/uploads\/2025\/12\/image-13-415x415.jpeg 415w, https:\/\/museurealcompanhiavelha.pt\/wp-content\/uploads\/2025\/12\/image-13-250x250.jpeg 250w, https:\/\/museurealcompanhiavelha.pt\/wp-content\/uploads\/2025\/12\/image-13-600x600.jpeg 600w\" sizes=\"(max-width: 709px) 100vw, 709px\" \/><\/figure>\n<\/figure>\n\n\n\n<p><\/p>\n\n\n\n<iframe src=\"https:\/\/www.google.com\/maps\/embed?pb=!4v1775498342092!6m8!1m7!1s2h2-XkZr_GzLJBxtmmZUaA!2m2!1d41.14321082917517!2d-8.620778764542461!3f67.96!4f7.680000000000007!5f0.7820865974627469\" width=\"600\" height=\"450\" style=\"border:0;\" allowfullscreen=\"\" loading=\"lazy\" referrerpolicy=\"no-referrer-when-downgrade\"><\/iframe>\n\n\n\n<p><\/p>\n\n\n\n<p><strong>Cais de Gaia<\/strong><\/p>\n\n\n\n<p>Apr\u00e8s avoir travers\u00e9 la r\u00e9gion de la Ribeira, nous arrivons \u00e0 un lieu au paysage m\u00e9morable, associant un fleuve embl\u00e9matique et deux villes qui ont prosp\u00e9r\u00e9 sur ses rives<\/p>\n\n\n\n<p>Comme nous l'avons mentionn\u00e9 tout au long de cet itin\u00e9raire, la Companhia Geral da Agricultura dos Vinhos do Alto Douro (Compagnie g\u00e9n\u00e9rale d'agriculture de la r\u00e9gion viticole de l\u2019Alto-Douro) a r\u00e9alis\u00e9 plusieurs travaux publics, non seulement acad\u00e9miques, mais aussi de transformation territoriale. Le principal projet \u00e9tait, bien s\u00fbr, la D\u00e9limitation de la r\u00e9gion viticole de l\u2019Alto-Douro (que nous aborderons dans la prochaine et derni\u00e8re partie de cet itin\u00e9raire). Cependant, de nombreux autres travaux publics ont \u00e9t\u00e9 entrepris, visant au d\u00e9veloppement de la r\u00e9gion, de la ville de Porto et du vin produit dans le Douro. Pour am\u00e9liorer la navigabilit\u00e9 du fleuve Douro, la Compagnie a d\u00e9truit de nombreux cours sup\u00e9rieurs et zones de p\u00eache, dont la c\u00e9l\u00e8bre cascade de Valeira, rendant ainsi le fleuve navigable de la fronti\u00e8re avec l'Espagne jusqu'\u00e0 son embouchure. L'entreprise a \u00e9galement supervis\u00e9 la construction de l'embouchure du Douro et de la jet\u00e9e le long du fleuve. Plusieurs routes ont \u00e9t\u00e9 construites dans l\u2019Alto-Douro et la route c\u00f4ti\u00e8re reliant Porto \u00e0 Foz. Des ponts et des entrep\u00f4ts ont \u00e9galement \u00e9t\u00e9 construits, dotant la r\u00e9gion enti\u00e8re de plusieurs infrastructures essentielles \u00e0 son d\u00e9veloppement \u00e9conomique, social et \u00e9ducatif.<\/p>\n\n\n\n<figure class=\"wp-block-gallery has-nested-images columns-default is-cropped wp-block-gallery-6 is-layout-flex wp-block-gallery-is-layout-flex\">\n<figure class=\"wp-block-image size-large\"><img loading=\"lazy\" decoding=\"async\" width=\"709\" height=\"709\" data-id=\"8724\" src=\"https:\/\/museurealcompanhiavelha.pt\/wp-content\/uploads\/2025\/12\/image-12.jpeg\" alt=\"\" class=\"wp-image-8724\" title=\"\" srcset=\"https:\/\/museurealcompanhiavelha.pt\/wp-content\/uploads\/2025\/12\/image-12.jpeg 709w, https:\/\/museurealcompanhiavelha.pt\/wp-content\/uploads\/2025\/12\/image-12-300x300.jpeg 300w, https:\/\/museurealcompanhiavelha.pt\/wp-content\/uploads\/2025\/12\/image-12-150x150.jpeg 150w, https:\/\/museurealcompanhiavelha.pt\/wp-content\/uploads\/2025\/12\/image-12-12x12.jpeg 12w, https:\/\/museurealcompanhiavelha.pt\/wp-content\/uploads\/2025\/12\/image-12-100x100.jpeg 100w, https:\/\/museurealcompanhiavelha.pt\/wp-content\/uploads\/2025\/12\/image-12-350x350.jpeg 350w, https:\/\/museurealcompanhiavelha.pt\/wp-content\/uploads\/2025\/12\/image-12-650x650.jpeg 650w, https:\/\/museurealcompanhiavelha.pt\/wp-content\/uploads\/2025\/12\/image-12-500x500.jpeg 500w, https:\/\/museurealcompanhiavelha.pt\/wp-content\/uploads\/2025\/12\/image-12-415x415.jpeg 415w, https:\/\/museurealcompanhiavelha.pt\/wp-content\/uploads\/2025\/12\/image-12-250x250.jpeg 250w, https:\/\/museurealcompanhiavelha.pt\/wp-content\/uploads\/2025\/12\/image-12-600x600.jpeg 600w\" sizes=\"(max-width: 709px) 100vw, 709px\" \/><\/figure>\n\n\n\n<figure class=\"wp-block-image size-large\"><img loading=\"lazy\" decoding=\"async\" width=\"709\" height=\"709\" data-id=\"8727\" src=\"https:\/\/museurealcompanhiavelha.pt\/wp-content\/uploads\/2025\/12\/image-15.jpeg\" alt=\"\" class=\"wp-image-8727\" title=\"\" srcset=\"https:\/\/museurealcompanhiavelha.pt\/wp-content\/uploads\/2025\/12\/image-15.jpeg 709w, https:\/\/museurealcompanhiavelha.pt\/wp-content\/uploads\/2025\/12\/image-15-300x300.jpeg 300w, https:\/\/museurealcompanhiavelha.pt\/wp-content\/uploads\/2025\/12\/image-15-150x150.jpeg 150w, https:\/\/museurealcompanhiavelha.pt\/wp-content\/uploads\/2025\/12\/image-15-12x12.jpeg 12w, https:\/\/museurealcompanhiavelha.pt\/wp-content\/uploads\/2025\/12\/image-15-100x100.jpeg 100w, https:\/\/museurealcompanhiavelha.pt\/wp-content\/uploads\/2025\/12\/image-15-350x350.jpeg 350w, https:\/\/museurealcompanhiavelha.pt\/wp-content\/uploads\/2025\/12\/image-15-650x650.jpeg 650w, https:\/\/museurealcompanhiavelha.pt\/wp-content\/uploads\/2025\/12\/image-15-500x500.jpeg 500w, https:\/\/museurealcompanhiavelha.pt\/wp-content\/uploads\/2025\/12\/image-15-415x415.jpeg 415w, https:\/\/museurealcompanhiavelha.pt\/wp-content\/uploads\/2025\/12\/image-15-250x250.jpeg 250w, https:\/\/museurealcompanhiavelha.pt\/wp-content\/uploads\/2025\/12\/image-15-600x600.jpeg 600w\" sizes=\"(max-width: 709px) 100vw, 709px\" \/><\/figure>\n<\/figure>\n\n\n\n<iframe src=\"https:\/\/www.google.com\/maps\/embed?pb=!4v1775498281801!6m8!1m7!1s-DxJZzgtZYnV4gdCodEklw!2m2!1d41.13781021939456!2d-8.6128122205727!3f326.84!4f10.090000000000003!5f0.7820865974627469\" width=\"600\" height=\"450\" style=\"border:0;\" allowfullscreen=\"\" loading=\"lazy\" referrerpolicy=\"no-referrer-when-downgrade\"><\/iframe>\n\n\n\n<p><\/p>\n\n\n\n<p><strong>Mus\u00e9e de la Plus Ancienne Appellation d\u2019Origine au Monde<\/strong><\/p>\n\n\n\n<p>Ce mus\u00e9e, situ\u00e9 au sein de l'espace Museu &amp; Enoteca 17.56, a \u00e9t\u00e9 cr\u00e9\u00e9 en 2018 par la Real Companhia Velha afin de partager et de comm\u00e9morer l'histoire de cette entreprise centenaire. L'association du restaurant au rez-de-chauss\u00e9e et du mus\u00e9e au rez-de-chauss\u00e9e conf\u00e8re \u00e0 cet espace un concept unique, o\u00f9 gastronomie et culture se rencontrent. Aujourd'hui, il est un lieu embl\u00e9matique de la ville de Vila Nova de Gaia, offrant ainsi une offre unique dans la r\u00e9gion.<\/p>\n\n\n\n<p>Le mus\u00e9e a \u00e9t\u00e9 construit dans l'ancien si\u00e8ge de la Real Companhia Velha (install\u00e9 ici entre 1961 et 1972), o\u00f9 se trouvaient \u00e9galement certains de ses entrep\u00f4ts. Le choix de cet emplacement n'a donc pas \u00e9t\u00e9 un hasard, l'objectif \u00e9tant de promouvoir le patrimoine b\u00e2ti et l'histoire de l'entreprise. L'exposition permanente du Mus\u00e9e de la Plus Ancienne Appellation d\u2019Origine au Monde est divis\u00e9e en sept sections distinctes qui abordent ces sujets et bien d'autres li\u00e9s \u00e0 l'histoire de cette entreprise et \u00e0 son r\u00f4le dans la r\u00e9gion. Cependant, son objectif principal reste le projet principal de la Compagnie et son objectif fondamental: la D\u00e9marcation de la r\u00e9gion du Douro et, par cons\u00e9quent, la r\u00e9glementation de la production et de la commercialisation du vin de Porto. Ce projet d'envergure s'est d\u00e9roul\u00e9 en plusieurs phases: la D\u00e9marcation Pombaline et la D\u00e9marcation Mariana. Au fil du temps, des documents, des cartes, des bornes de comptoir et une collection diversifi\u00e9e ont \u00e9t\u00e9 pr\u00e9serv\u00e9s. Expos\u00e9s, pr\u00e9serv\u00e9s et \u00e9tudi\u00e9s, ils t\u00e9moignent de la valeur patrimoniale inestimable de la Real Companhia Velha, tant pour la protection, la r\u00e9glementation et la sauvegarde d'une zone d\u00e9sormais inscrite au patrimoine mondial: la r\u00e9gion viticole de l\u2019Alto-Douro.<\/p>\n\n\n\n<figure class=\"wp-block-gallery has-nested-images columns-default is-cropped wp-block-gallery-7 is-layout-flex wp-block-gallery-is-layout-flex\">\n<figure class=\"wp-block-image size-large\"><img loading=\"lazy\" decoding=\"async\" width=\"709\" height=\"709\" data-id=\"8728\" src=\"https:\/\/museurealcompanhiavelha.pt\/wp-content\/uploads\/2025\/12\/image-16.jpeg\" alt=\"\" class=\"wp-image-8728\" title=\"\" srcset=\"https:\/\/museurealcompanhiavelha.pt\/wp-content\/uploads\/2025\/12\/image-16.jpeg 709w, https:\/\/museurealcompanhiavelha.pt\/wp-content\/uploads\/2025\/12\/image-16-300x300.jpeg 300w, https:\/\/museurealcompanhiavelha.pt\/wp-content\/uploads\/2025\/12\/image-16-150x150.jpeg 150w, https:\/\/museurealcompanhiavelha.pt\/wp-content\/uploads\/2025\/12\/image-16-12x12.jpeg 12w, https:\/\/museurealcompanhiavelha.pt\/wp-content\/uploads\/2025\/12\/image-16-100x100.jpeg 100w, https:\/\/museurealcompanhiavelha.pt\/wp-content\/uploads\/2025\/12\/image-16-350x350.jpeg 350w, https:\/\/museurealcompanhiavelha.pt\/wp-content\/uploads\/2025\/12\/image-16-650x650.jpeg 650w, https:\/\/museurealcompanhiavelha.pt\/wp-content\/uploads\/2025\/12\/image-16-500x500.jpeg 500w, https:\/\/museurealcompanhiavelha.pt\/wp-content\/uploads\/2025\/12\/image-16-415x415.jpeg 415w, https:\/\/museurealcompanhiavelha.pt\/wp-content\/uploads\/2025\/12\/image-16-250x250.jpeg 250w, https:\/\/museurealcompanhiavelha.pt\/wp-content\/uploads\/2025\/12\/image-16-600x600.jpeg 600w\" sizes=\"(max-width: 709px) 100vw, 709px\" \/><\/figure>\n\n\n\n<figure class=\"wp-block-image size-large\"><img loading=\"lazy\" decoding=\"async\" width=\"709\" height=\"709\" data-id=\"8730\" src=\"https:\/\/museurealcompanhiavelha.pt\/wp-content\/uploads\/2025\/12\/image-18.jpeg\" alt=\"\" class=\"wp-image-8730\" title=\"\" srcset=\"https:\/\/museurealcompanhiavelha.pt\/wp-content\/uploads\/2025\/12\/image-18.jpeg 709w, https:\/\/museurealcompanhiavelha.pt\/wp-content\/uploads\/2025\/12\/image-18-300x300.jpeg 300w, https:\/\/museurealcompanhiavelha.pt\/wp-content\/uploads\/2025\/12\/image-18-150x150.jpeg 150w, https:\/\/museurealcompanhiavelha.pt\/wp-content\/uploads\/2025\/12\/image-18-12x12.jpeg 12w, https:\/\/museurealcompanhiavelha.pt\/wp-content\/uploads\/2025\/12\/image-18-100x100.jpeg 100w, https:\/\/museurealcompanhiavelha.pt\/wp-content\/uploads\/2025\/12\/image-18-350x350.jpeg 350w, https:\/\/museurealcompanhiavelha.pt\/wp-content\/uploads\/2025\/12\/image-18-650x650.jpeg 650w, https:\/\/museurealcompanhiavelha.pt\/wp-content\/uploads\/2025\/12\/image-18-500x500.jpeg 500w, https:\/\/museurealcompanhiavelha.pt\/wp-content\/uploads\/2025\/12\/image-18-415x415.jpeg 415w, https:\/\/museurealcompanhiavelha.pt\/wp-content\/uploads\/2025\/12\/image-18-250x250.jpeg 250w, https:\/\/museurealcompanhiavelha.pt\/wp-content\/uploads\/2025\/12\/image-18-600x600.jpeg 600w\" sizes=\"(max-width: 709px) 100vw, 709px\" \/><\/figure>\n<\/figure>\n\n\n\n<p><\/p>\n\n\n\n<iframe src=\"https:\/\/www.google.com\/maps\/embed?pb=!1m18!1m12!1m3!1d3004.8992592586046!2d-8.618092599999999!3d41.1367251!2m3!1f0!2f0!3f0!3m2!1i1024!2i768!4f13.1!3m3!1m2!1s0xd2465d35be81f23%3A0x7a24699d5efe89cc!2sReal%20Companhia%20Velha%20-%20Museu%201%C2%AA%20Demarca%C3%A7%C3%A3o!5e0!3m2!1spt-PT!2spt!4v1775498399880!5m2!1spt-PT!2spt\" width=\"600\" height=\"450\" style=\"border:0;\" allowfullscreen=\"\" loading=\"lazy\" referrerpolicy=\"no-referrer-when-downgrade\"><\/iframe>\n\n\n\n<p><\/p>\n\n\n\n<p>En parcourant les recoins du parcours historique pr\u00e9sent\u00e9 ici, vous aurez sans aucun doute d\u00e9couvert de nombreux faits, lieux et \u0153uvres t\u00e9moignant de l'importance de la Companhia Geral da Agricultura das Vinhas do Alto Douro, \u00e9galement connue (et aujourd'hui) sous le nom de Royale Vieille Compagnie. Cette ancienne et majestueuse Compagnie a jou\u00e9 un r\u00f4le d\u00e9terminant dans la prosp\u00e9rit\u00e9 \u00e9conomique, l'influence politique et le prestige social et culturel de la ville de Porto et des environs. En dotant la ville et la r\u00e9gion des diverses infrastructures que nous d\u00e9couvrons tout au long de la visite, la Real Companhia Velha a donn\u00e9 une identit\u00e9 unique \u00e0 toute cette zone g\u00e9ographique et \u00e0 la r\u00e9gion viticole de l\u2019Alto-Douro elle-m\u00eame. Nous vous invitons \u00e0 la d\u00e9couvrir prochainement.<\/p>\n\n\n\n<figure class=\"wp-block-image size-full\"><img loading=\"lazy\" decoding=\"async\" width=\"708\" height=\"399\" src=\"https:\/\/museurealcompanhiavelha.pt\/wp-content\/uploads\/2025\/12\/image-17.jpeg\" alt=\"\" class=\"wp-image-8729\" title=\"\" srcset=\"https:\/\/museurealcompanhiavelha.pt\/wp-content\/uploads\/2025\/12\/image-17.jpeg 708w, https:\/\/museurealcompanhiavelha.pt\/wp-content\/uploads\/2025\/12\/image-17-300x169.jpeg 300w, https:\/\/museurealcompanhiavelha.pt\/wp-content\/uploads\/2025\/12\/image-17-18x10.jpeg 18w, https:\/\/museurealcompanhiavelha.pt\/wp-content\/uploads\/2025\/12\/image-17-415x234.jpeg 415w, https:\/\/museurealcompanhiavelha.pt\/wp-content\/uploads\/2025\/12\/image-17-650x366.jpeg 650w, https:\/\/museurealcompanhiavelha.pt\/wp-content\/uploads\/2025\/12\/image-17-250x141.jpeg 250w, https:\/\/museurealcompanhiavelha.pt\/wp-content\/uploads\/2025\/12\/image-17-600x338.jpeg 600w\" sizes=\"(max-width: 708px) 100vw, 708px\" \/><\/figure>\n\n\n\n<p><\/p>","protected":false},"excerpt":{"rendered":"<p>Roteiro: &#8220;Nas margens do Douro &#8211; A Hist\u00f3ria da Real Companhia Velha&#8221; No \u00e2mbito das comemora\u00e7\u00f5es do Dia Internacional dos Monumentos e S\u00edtios de 2021,&#8230;<\/p>","protected":false},"author":1,"featured_media":8715,"comment_status":"open","ping_status":"open","sticky":false,"template":"","format":"standard","meta":{"footnotes":""},"categories":[1],"tags":[],"class_list":["post-8713","post","type-post","status-publish","format-standard","has-post-thumbnail","hentry","category-sem-categoria"],"_links":{"self":[{"href":"https:\/\/museurealcompanhiavelha.pt\/fr\/wp-json\/wp\/v2\/posts\/8713","targetHints":{"allow":["GET"]}}],"collection":[{"href":"https:\/\/museurealcompanhiavelha.pt\/fr\/wp-json\/wp\/v2\/posts"}],"about":[{"href":"https:\/\/museurealcompanhiavelha.pt\/fr\/wp-json\/wp\/v2\/types\/post"}],"author":[{"embeddable":true,"href":"https:\/\/museurealcompanhiavelha.pt\/fr\/wp-json\/wp\/v2\/users\/1"}],"replies":[{"embeddable":true,"href":"https:\/\/museurealcompanhiavelha.pt\/fr\/wp-json\/wp\/v2\/comments?post=8713"}],"version-history":[{"count":41,"href":"https:\/\/museurealcompanhiavelha.pt\/fr\/wp-json\/wp\/v2\/posts\/8713\/revisions"}],"predecessor-version":[{"id":10239,"href":"https:\/\/museurealcompanhiavelha.pt\/fr\/wp-json\/wp\/v2\/posts\/8713\/revisions\/10239"}],"wp:featuredmedia":[{"embeddable":true,"href":"https:\/\/museurealcompanhiavelha.pt\/fr\/wp-json\/wp\/v2\/media\/8715"}],"wp:attachment":[{"href":"https:\/\/museurealcompanhiavelha.pt\/fr\/wp-json\/wp\/v2\/media?parent=8713"}],"wp:term":[{"taxonomy":"category","embeddable":true,"href":"https:\/\/museurealcompanhiavelha.pt\/fr\/wp-json\/wp\/v2\/categories?post=8713"},{"taxonomy":"post_tag","embeddable":true,"href":"https:\/\/museurealcompanhiavelha.pt\/fr\/wp-json\/wp\/v2\/tags?post=8713"}],"curies":[{"name":"wp","href":"https:\/\/api.w.org\/{rel}","templated":true}]}}