{"id":8732,"date":"2021-05-18T18:18:00","date_gmt":"2021-05-18T18:18:00","guid":{"rendered":"https:\/\/museurealcompanhiavelha.pt\/?p=8732"},"modified":"2026-04-01T16:44:33","modified_gmt":"2026-04-01T16:44:33","slug":"dia-internacional-dos-museus-2021","status":"publish","type":"post","link":"https:\/\/museurealcompanhiavelha.pt\/fr\/dia-internacional-dos-museus-2021\/","title":{"rendered":"Journ\u00e9e internationale des mus\u00e9es 2021"},"content":{"rendered":"<p><strong><strong><strong><strong><strong><strong><strong><strong>Journ\u00e9e internationale des mus\u00e9es 2021 | Un mus\u00e9e virtuellement accessible<\/strong><\/strong><\/strong><\/strong><\/strong><\/strong><\/strong><\/strong><\/p>\n\n\n\n<p>Nous sommes de nouveau r\u00e9unis aujourd'hui, 18 mai, pour c\u00e9l\u00e9brer la Journ\u00e9e internationale des mus\u00e9es, mais de mani\u00e8re num\u00e9rique. En raison de probl\u00e8mes techniques et de maintenance, le Mus\u00e9e de la Plus Ancienne Appellation d\u2019Origine au Monde est temporairement ferm\u00e9. Nous esp\u00e9rons toutefois pouvoir le rouvrir au public tr\u00e8s prochainement.<\/p>\n\n\n\n<p class=\"translation-block\">Tout au long de l'ann\u00e9e derni\u00e8re, nous avons mis\u00e9 sur la diffusion num\u00e9rique des contenus pr\u00e9sent\u00e9s dans notre exposition permanente, non seulement \u00e0 travers les pi\u00e8ces que nous s\u00e9lectionnons chaque mois, mais aussi en mettant \u00e0 disposition d'autres contenus qui composent notre collection et notre Histoire. Nous continuons ainsi \u00e0 partager avec notre public, gr\u00e2ce \u00e0 ce format num\u00e9rique, notre exposition permanente et son parcours, en le compl\u00e9tant avec la page d\u00e9di\u00e9e \u00e0 l'exposition permanente <a href=\"https:\/\/museurealcompanhiavelha.pt\/fr\/exposicao\/\" target=\"_self\">(cliquez ici)<\/a> disponible dans ce Mus\u00e9e.<\/p>\n\n\n\n<p>Neste dia especial partilhamos convosco a especial visita ao Museu da 1\u00aa Demarca\u00e7\u00e3o realizada pelo historiador Joel Cleto, em fevereiro de 2020, onde abordamos a conce\u00e7\u00e3o deste espa\u00e7o museol\u00f3gico e Hist\u00f3ria da pr\u00f3pria Real Companhia Velha. Convidamo-lo a participar nesta visita guiada muito especial, ainda que de forma digital ao Museu da 1\u00aa Demarca\u00e7\u00e3o, <a href=\"https:\/\/portocanal.sapo.pt\/um_video\/ui86iEpIRKQfZkGFlGuL\" target=\"_blank\" rel=\"noopener\">(cliquez ici)<\/a>.<\/p>\n\n\n\n<p><\/p>","protected":false},"excerpt":{"rendered":"<p>Dia Internacional dos Museus 2021 | Um museu virtualmente acess\u00edvel Estamos novamente juntos hoje, dia 18 de maio, para celebrar o Dia Internacional dos Museus&#8230;<\/p>","protected":false},"author":1,"featured_media":8733,"comment_status":"open","ping_status":"open","sticky":false,"template":"","format":"standard","meta":{"footnotes":""},"categories":[1],"tags":[],"class_list":["post-8732","post","type-post","status-publish","format-standard","has-post-thumbnail","hentry","category-sem-categoria"],"_links":{"self":[{"href":"https:\/\/museurealcompanhiavelha.pt\/fr\/wp-json\/wp\/v2\/posts\/8732","targetHints":{"allow":["GET"]}}],"collection":[{"href":"https:\/\/museurealcompanhiavelha.pt\/fr\/wp-json\/wp\/v2\/posts"}],"about":[{"href":"https:\/\/museurealcompanhiavelha.pt\/fr\/wp-json\/wp\/v2\/types\/post"}],"author":[{"embeddable":true,"href":"https:\/\/museurealcompanhiavelha.pt\/fr\/wp-json\/wp\/v2\/users\/1"}],"replies":[{"embeddable":true,"href":"https:\/\/museurealcompanhiavelha.pt\/fr\/wp-json\/wp\/v2\/comments?post=8732"}],"version-history":[{"count":6,"href":"https:\/\/museurealcompanhiavelha.pt\/fr\/wp-json\/wp\/v2\/posts\/8732\/revisions"}],"predecessor-version":[{"id":9890,"href":"https:\/\/museurealcompanhiavelha.pt\/fr\/wp-json\/wp\/v2\/posts\/8732\/revisions\/9890"}],"wp:featuredmedia":[{"embeddable":true,"href":"https:\/\/museurealcompanhiavelha.pt\/fr\/wp-json\/wp\/v2\/media\/8733"}],"wp:attachment":[{"href":"https:\/\/museurealcompanhiavelha.pt\/fr\/wp-json\/wp\/v2\/media?parent=8732"}],"wp:term":[{"taxonomy":"category","embeddable":true,"href":"https:\/\/museurealcompanhiavelha.pt\/fr\/wp-json\/wp\/v2\/categories?post=8732"},{"taxonomy":"post_tag","embeddable":true,"href":"https:\/\/museurealcompanhiavelha.pt\/fr\/wp-json\/wp\/v2\/tags?post=8732"}],"curies":[{"name":"wp","href":"https:\/\/api.w.org\/{rel}","templated":true}]}}