{"id":8737,"date":"2021-06-01T18:21:00","date_gmt":"2021-06-01T18:21:00","guid":{"rendered":"https:\/\/museurealcompanhiavelha.pt\/?p=8737"},"modified":"2026-04-13T09:29:07","modified_gmt":"2026-04-13T09:29:07","slug":"quiz-a-historia-da-real-companhia-velha","status":"publish","type":"post","link":"https:\/\/museurealcompanhiavelha.pt\/fr\/quiz-a-historia-da-real-companhia-velha\/","title":{"rendered":"Quiz \u2013 L\u2019Histoire de la Real Companhia Velha"},"content":{"rendered":"<p><strong><strong><strong><strong><strong><strong><strong><strong><strong>Journ\u00e9e mondiale de l'enfant 2021 \u2013 Quiz num\u00e9rique<\/strong><\/strong><\/strong><\/strong><\/strong><\/strong><\/strong><\/strong><\/strong><\/p>\n\n\n\n<p class=\"translation-block\">Bienvenue \u00e0 une nouvelle activit\u00e9 num\u00e9rique du service \u00e9ducatif du Mus\u00e9e de la Plus Ancienne Appellation d\u2019Origine au Monde le \u00e0 l'occasion de cette journ\u00e9e sp\u00e9ciale. Le Quiz pr\u00e9sent\u00e9 est bas\u00e9 sur les informations fournies dans le livre it\u00e9ratif pour enfants qui est disponible en ligne, <a href=\"https:\/\/museurealcompanhiavelha.pt\/fr\/livro-infantil-a-historia-da-real-companhia-velha\/\" target=\"_blank\" rel=\"noreferrer noopener\"><em>cliquez ici<\/em><\/a>, et qui a \u00e9t\u00e9 promu num\u00e9riquement l'ann\u00e9e derni\u00e8re.<\/p>\n\n\n\n<p>Cette activit\u00e9 comprend 20 questions bas\u00e9es sur les informations fournies dans ce livre num\u00e9rique. Trois r\u00e9ponses sont propos\u00e9es, mais une seule est correcte. Cette activit\u00e9 s'adresse \u00e0 toute la famille et nous invitons tout le monde \u00e0 y participer. Connaissons-nous vraiment l'Histoire de la Compagnie et l'Histoire du vin de Porto?<\/p>\n\n\n\n<p>C'est parti!<\/p>\n\n\n\n<figure class=\"wp-block-image size-full\"><img fetchpriority=\"high\" decoding=\"async\" width=\"362\" height=\"586\" src=\"https:\/\/museurealcompanhiavelha.pt\/wp-content\/uploads\/2025\/12\/image-64.png\" alt=\"\" class=\"wp-image-8739\" title=\"\" srcset=\"https:\/\/museurealcompanhiavelha.pt\/wp-content\/uploads\/2025\/12\/image-64.png 362w, https:\/\/museurealcompanhiavelha.pt\/wp-content\/uploads\/2025\/12\/image-64-185x300.png 185w, https:\/\/museurealcompanhiavelha.pt\/wp-content\/uploads\/2025\/12\/image-64-7x12.png 7w, https:\/\/museurealcompanhiavelha.pt\/wp-content\/uploads\/2025\/12\/image-64-250x405.png 250w\" sizes=\"(max-width: 362px) 100vw, 362px\" \/><\/figure>\n\n\n\n<p><strong>Quiz - L'Histoire de la Real Companhia Velha<\/strong><\/p>\n\n\n\n<div class=\"wp-block-group is-vertical is-layout-flex wp-container-core-group-is-layout-8cf370e7 wp-block-group-is-layout-flex\">\n<p class=\"translation-block\"><strong>Question 1<\/strong> - La r\u00e9gion du Haut-Douro viticole a \u00e9t\u00e9 class\u00e9e par l\u2019UNESCO comme Patrimoine mondial en quelle ann\u00e9e :<\/p>\n\n\n\n<p>&#8211; <strong>2001<\/strong><\/p>\n\n\n\n<p>&#8211; 2004<\/p>\n\n\n\n<p>&#8211; 1998<\/p>\n<\/div>\n\n\n\n<div class=\"wp-block-group is-vertical is-layout-flex wp-container-core-group-is-layout-8cf370e7 wp-block-group-is-layout-flex\">\n<p class=\"translation-block\"><strong>Question 2<\/strong>  \u2013 Le vin produit dans la r\u00e9gion du Douro \u00e9tait consomm\u00e9 localement depuis plusieurs si\u00e8cles. \u00c0 partir de quel si\u00e8cle ce vin commence-t-il \u00e0 \u00eatre export\u00e9 vers d\u2019autres pays ?<\/p>\n\n\n\n<p class=\"translation-block\">\u2013 <strong>XVIIe si\u00e8cle<\/strong><\/p>\n\n\n\n<p>- XVe si\u00e8cle<\/p>\n\n\n\n<p>- XVIe si\u00e8cle<\/p>\n<\/div>\n\n\n\n<div class=\"wp-block-group is-vertical is-layout-flex wp-container-core-group-is-layout-8cf370e7 wp-block-group-is-layout-flex\">\n<p class=\"translation-block\"><strong>Question 3<\/strong>  \u2013 Le trait\u00e9 de Methuen, qui facilitait la commercialisation des vins portugais, a \u00e9t\u00e9 sign\u00e9 en 1703 entre quels pays ?<\/p>\n\n\n\n<p>Portugal et le Br\u00e9sil<\/p>\n\n\n\n<p>Portugal et l\u2019Espagne<\/p>\n\n\n\n<p class=\"translation-block\">\u2013 <strong>Portugal et l\u2019Angleterre \n<\/strong><\/p>\n<\/div>\n\n\n\n<div class=\"wp-block-group is-vertical is-layout-flex wp-container-core-group-is-layout-8cf370e7 wp-block-group-is-layout-flex\">\n<p class=\"translation-block\"><strong>Question 4<\/strong>  \u2013 Le marquis de Pombal institue la Compagnie g\u00e9n\u00e9rale de l\u2019agriculture des vignes du Haut-Douro par un alvar\u00e1 royal promulgu\u00e9 par quel roi ?<\/p>\n\n\n\n<p>- D. Maria Ire<\/p>\n\n\n\n<p class=\"translation-block\">\u2013 <strong>D. Jos\u00e9 Ier \n<\/strong><\/p>\n\n\n\n<p>\u2013 D. Jo\u00e3o IV<\/p>\n<\/div>\n\n\n\n<div class=\"wp-block-group is-vertical is-layout-flex wp-container-core-group-is-layout-8cf370e7 wp-block-group-is-layout-flex\">\n<p class=\"translation-block\"><strong>Question 5<\/strong> \u2013 En quelle ann\u00e9e la Real Companhia Velha est-elle fond\u00e9e ? Elle est \u00e9tablie le 10 septembre \u2026<\/p>\n\n\n\n<p>&#8211; 1765<\/p>\n\n\n\n<p>&#8211; <strong>1756<\/strong><\/p>\n\n\n\n<p>&#8211; 1657<\/p>\n<\/div>\n\n\n\n<div class=\"wp-block-group is-vertical is-layout-flex wp-container-core-group-is-layout-8cf370e7 wp-block-group-is-layout-flex\">\n<p class=\"translation-block\"><strong>Question 6<\/strong> \u2013 La Real Companhia Velha avait pour objectif de valoriser et de d\u00e9velopper la prosp\u00e9rit\u00e9 du vin de Porto. Dans cette optique, quelles \u00e9taient ses principales responsabilit\u00e9s?<\/p>\n\n\n\n<p>- Produire des vins de Porto et du Haut-Douro de haute qualit\u00e9.<\/p>\n\n\n\n<p>- R\u00e9guler uniquement le commerce international du vin de Porto avec les pays \u00e9trangers.<\/p>\n\n\n\n<p class=\"translation-block\">\u2013 <strong>D\u00e9limiter la r\u00e9gion viticole du Haut-Douro et r\u00e9glementer la production et la commercialisation du vin qui y est produit. \n<\/strong><\/p>\n<\/div>\n\n\n\n<div class=\"wp-block-group is-vertical is-layout-flex wp-container-core-group-is-layout-8cf370e7 wp-block-group-is-layout-flex\">\n<p class=\"translation-block\"><strong>Question 7<\/strong> \u2013 La Compagnie g\u00e9n\u00e9rale de l\u2019agriculture des vignes du Haut-Douro a cr\u00e9\u00e9 la premi\u00e8re r\u00e9gion d\u00e9limit\u00e9e et r\u00e9glement\u00e9e au monde. Comment cette d\u00e9limitation a-t-elle \u00e9t\u00e9 r\u00e9alis\u00e9e?<\/p>\n\n\n\n<p class=\"translation-block\">\u2013 <strong>\u00c0 l\u2019aide de bornes en pierre. \n<\/strong><\/p>\n\n\n\n<p>- Au moyen de cl\u00f4tures tr\u00e8s \u00e9lev\u00e9es.<\/p>\n\n\n\n<p>- \u00c0 l\u2019aide de pieux en bois.<\/p>\n<\/div>\n\n\n\n<div class=\"wp-block-group is-vertical is-layout-flex wp-container-core-group-is-layout-8cf370e7 wp-block-group-is-layout-flex\">\n<p class=\"translation-block\"><strong>Question 8<\/strong> \u2013 Le contr\u00f4le commercial des vins produits dans le Haut-Douro par l\u2019\u00c9tat, dans la ville de Porto, a donn\u00e9 lieu \u00e0 une c\u00e9l\u00e8bre manifestation le 23 f\u00e9vrier 1757. Comment fut-elle appel\u00e9e ?<\/p>\n\n\n\n<p>- La R\u00e9volte des Anglais<\/p>\n\n\n\n<p class=\"translation-block\">\u2013 <strong>La R\u00e9volte des Tavernes<\/strong><\/p>\n\n\n\n<p>\u2013 La R\u00e9volte des Commer\u00e7ants<\/p>\n<\/div>\n\n\n\n<div class=\"wp-block-group is-vertical is-layout-flex wp-container-core-group-is-layout-8cf370e7 wp-block-group-is-layout-flex\">\n<p class=\"translation-block\"><strong>Question 9<\/strong> \u2013 La tonnellerie \u00e9tait un m\u00e9tier essentiel pour le stockage du vin de Porto dans des conditions exceptionnelles. De quel pays sont venus des tonneliers exp\u00e9riment\u00e9s pour former les artisans portugais ?<\/p>\n\n\n\n<p class=\"translation-block\">\u2013 <strong>Russie<\/strong><\/p>\n\n\n\n<p>\u2013 France<\/p>\n\n\n\n<p>\u2013 Italie<\/p>\n<\/div>\n\n\n\n<div class=\"wp-block-group is-vertical is-layout-flex wp-container-core-group-is-layout-8cf370e7 wp-block-group-is-layout-flex\">\n<p class=\"translation-block\"><strong>Question 10<\/strong>  \u2013 La Compagnie a soutenu la cr\u00e9ation de nombreux services d\u2019utilit\u00e9 publique (navires, entrep\u00f4ts, usines, entre autres) et a \u00e9galement entrepris divers travaux publics (routes, ponts et murs de sout\u00e8nement). Elle fut aussi responsable de la navigabilit\u00e9 du fleuve Douro, notamment par la destruction de divers obstacles, comme le Cach\u00e3o da Valeira. De quel type d\u2019obstacle s\u2019agissait-il?<\/p>\n\n\n\n<p>\u2013\u00a0 Un barrage<\/p>\n\n\n\n<p>-  Une p\u00eacherie<\/p>\n\n\n\n<p class=\"translation-block\">\u2013 <strong>Une cascade <\/strong><\/p>\n<\/div>\n\n\n\n<div class=\"wp-block-group is-vertical is-layout-flex wp-container-core-group-is-layout-8cf370e7 wp-block-group-is-layout-flex\">\n<p class=\"translation-block\"><strong>Question 11<\/strong> \u2013 La Real Companhia Velha a cr\u00e9\u00e9 la premi\u00e8re \u00e9cole d\u2019enseignement sup\u00e9rieur public dans la ville de Porto, \u00e0 l\u2019origine de l\u2019actuelle Universit\u00e9 de Porto. Quelle en \u00e9tait la d\u00e9signation?<\/p>\n\n\n\n<p>&#8211; <strong>Aula N\u00e1utica<\/strong><\/p>\n\n\n\n<p>&#8211; Aula T\u00e9cnica<\/p>\n\n\n\n<p>&#8211; Aula de Com\u00e9rcio&nbsp;<\/p>\n<\/div>\n\n\n\n<div class=\"wp-block-group is-vertical is-layout-flex wp-container-core-group-is-layout-8cf370e7 wp-block-group-is-layout-flex\">\n<p class=\"translation-block\"><strong>Question 12 <\/strong> \u2013 La Compagnie g\u00e9n\u00e9rale de l\u2019agriculture des vignes du Haut-Douro a favoris\u00e9 la commercialisation et le prestige international du vin de Porto, en \u00e9tablissant des liens solides avec plusieurs pays de diff\u00e9rents continents. Dans quelle ville russe une maison commerciale portugaise fut-elle ouverte au XVIIIe si\u00e8cle afin de faire parvenir le vin de Porto \u00e0 l\u2019imp\u00e9ratrice ?<\/p>\n\n\n\n<p>- Moscou<\/p>\n\n\n\n<p class=\"translation-block\">\u2013 <strong>Saint-P\u00e9tersbourg<\/strong><\/p>\n\n\n\n<p>&#8211; Samara&nbsp;<\/p>\n<\/div>\n\n\n\n<div class=\"wp-block-group is-vertical is-layout-flex wp-container-core-group-is-layout-8cf370e7 wp-block-group-is-layout-flex\">\n<p class=\"translation-block\"><strong>Question 13 <\/strong> \u2013 La Real Companhia Velha et le dynamisme du commerce du vin de Porto ont renforc\u00e9 le prestige social et \u00e9conomique de la ville de Porto. \u00c0 la fin du XVIIIe si\u00e8cle, quel pourcentage le vin de Porto repr\u00e9sentait-il dans les exportations nationales ?<\/p>\n\n\n\n<p>- Sup\u00e9rieur \u00e0 45 %<\/p>\n\n\n\n<p>- Sup\u00e9rieur \u00e0 30 %&nbsp;<\/p>\n\n\n\n<p class=\"translation-block\">\u2013 <strong>Sup\u00e9rieur \u00e0 50 %<\/strong><\/p>\n<\/div>\n\n\n\n<div class=\"wp-block-group is-vertical is-layout-flex wp-container-core-group-is-layout-8cf370e7 wp-block-group-is-layout-flex\">\n<p class=\"translation-block\"><strong>Question 14 <\/strong> \u2013 Le XIXe si\u00e8cle fut marqu\u00e9 par de grandes difficult\u00e9s pour la nation et pour la Compagnie elle-m\u00eame. Quelles en furent les causes ?<\/p>\n\n\n\n<p>\u2013 La R\u00e9volution industrielle<\/p>\n\n\n\n<p>- La guerre d\u2019ind\u00e9pendance du Br\u00e9sil et ses r\u00e9percussions&nbsp;<\/p>\n\n\n\n<p class=\"translation-block\">\u2013 <strong>Les invasions fran\u00e7aises et la guerre civile entre lib\u00e9raux et absolutistes \n<\/strong><\/p>\n<\/div>\n\n\n\n<div class=\"wp-block-group is-vertical is-layout-flex wp-container-core-group-is-layout-8cf370e7 wp-block-group-is-layout-flex\">\n<p class=\"translation-block\"><strong>Question 15 <\/strong> \u2013 La seconde moiti\u00e9 du XIXe si\u00e8cle fut marqu\u00e9e par l\u2019apparition de plusieurs maladies qui ont ravag\u00e9 les vignobles du Haut-Douro. La plus connue eut des cons\u00e9quences particuli\u00e8rement graves, d\u00e9truisant une grande partie du vignoble de la r\u00e9gion. Quel \u00e9tait le nom de ce fl\u00e9au?<\/p>\n\n\n\n<p class=\"translation-block\">\u2013 <strong>Phyllox\u00e9ra<\/strong><\/p>\n\n\n\n<p>- O\u00efdium<\/p>\n\n\n\n<p>- Mildiou<\/p>\n<\/div>\n\n\n\n<div class=\"wp-block-group is-vertical is-layout-flex wp-container-core-group-is-layout-8cf370e7 wp-block-group-is-layout-flex\">\n<p class=\"translation-block\"><strong>Question 16 <\/strong>\u2013 La Real Companhia Velha devient une entreprise ind\u00e9pendante de renomm\u00e9e mondiale, bien qu\u2019elle ait d\u00e9finitivement perdu tous ses privil\u00e8ges royaux en \u2026<\/p>\n\n\n\n<p>&#8211; 1889<\/p>\n\n\n\n<p>&#8211; <strong>1865<\/strong><\/p>\n\n\n\n<p>&#8211; 1870<\/p>\n<\/div>\n\n\n\n<div class=\"wp-block-group is-vertical is-layout-flex wp-container-core-group-is-layout-8cf370e7 wp-block-group-is-layout-flex\">\n<p class=\"translation-block\"><strong>Question 17 <\/strong>\u2013 Priv\u00e9 du soutien de la Compagnie pour r\u00e9guler la production et la commercialisation du vin de Porto au d\u00e9but du XXe si\u00e8cle, ce vin avait perdu son prestige. Cependant, quelle est l\u2019une des figures les plus c\u00e9l\u00e8bres de l\u2019histoire du vin de Porto qui s\u2019est distingu\u00e9e par sa d\u00e9fense de ce produit ?<\/p>\n\n\n\n<p class=\"translation-block\">\u2013 <strong>Bar\u00e3o de Forrester<\/strong><\/p>\n\n\n\n<p>&#8211; D. Ant\u00f3nia Ferreira<\/p>\n\n\n\n<p>&#8211; Adriano Ramos Pinto<\/p>\n<\/div>\n\n\n\n<div class=\"wp-block-group is-vertical is-layout-flex wp-container-core-group-is-layout-8cf370e7 wp-block-group-is-layout-flex\">\n<p class=\"translation-block\"><strong>Question 18 <\/strong> \u2013 La premi\u00e8re moiti\u00e9 du XXe si\u00e8cle \u00e0 \u00e9t\u00e9 marqu\u00e9e par les deux guerres mondiales. De quelle mani\u00e8re la commercialisation du vin de Porto fut-elle affect\u00e9e ?<\/p>\n\n\n\n<p>- Aucune variation significative de la demande sur le march\u00e9 international n\u2019a \u00e9t\u00e9 enregistr\u00e9e.<\/p>\n\n\n\n<p>- Le commerce international du vin de Porto et du Douro a conquis de nouveaux march\u00e9s \u00e9trangers.<\/p>\n\n\n\n<p class=\"translation-block\">\u2013\u00a0 <strong>Les ventes internationales de ce vin ont subi de fortes baisses soudaines. \n<\/strong><\/p>\n<\/div>\n\n\n\n<div class=\"wp-block-group is-vertical is-layout-flex wp-container-core-group-is-layout-8cf370e7 wp-block-group-is-layout-flex\">\n<p class=\"translation-block\"><strong>Question 19 <\/strong>\u2013 La Real Companhia Velha se modernise et se consolide sur le march\u00e9 national et international lorsque Manuel da Silva Reis, apr\u00e8s avoir acquis la majorit\u00e9 du capital de l\u2019entreprise, en prend la direction en \u2026<\/p>\n\n\n\n<p>&#8211; <strong>1960<\/strong><\/p>\n\n\n\n<p>&#8211; 1965<\/p>\n\n\n\n<p>&#8211; 1962<\/p>\n<\/div>\n\n\n\n<div class=\"wp-block-group is-vertical is-layout-flex wp-container-core-group-is-layout-8cf370e7 wp-block-group-is-layout-flex\">\n<p class=\"translation-block\"><strong>Question 20 <\/strong>\u2013 La r\u00e9gion viticole du Haut-Douro poss\u00e8de une ampleur paysag\u00e8re incomparable. Sur combien de kilom\u00e8tres s\u2019\u00e9tend-elle le long de la vall\u00e9e du Douro ?<\/p>\n\n\n\n<p>&#8211; 200 km<\/p>\n\n\n\n<p>&#8211; <strong>120 km<\/strong><\/p>\n\n\n\n<p>&#8211; 150 km<\/p>\n<\/div>\n\n\n\n<div class=\"wp-block-group is-vertical is-layout-flex wp-container-core-group-is-layout-8cf370e7 wp-block-group-is-layout-flex\">\n<p><\/p>\n\n\n\n<p>Copyright Mus\u00e9e de la Plus Ancienne Appellation d\u2019Origine au Monde \u2013 Real Companhia Velhaz<\/p>\n\n\n\n<p>\u00a9 Illustration : Maria Ferrand SAL Studio<\/p>\n<\/div>\n\n\n\n<p><\/p>","protected":false},"excerpt":{"rendered":"<p>Dia Mundial da Crian\u00e7a 2021 &#8211; Quiz digital Bem-vindos a mais uma atividade digital do servi\u00e7o educativo do Museu da 1\u00aa Demarca\u00e7\u00e3o, neste dia especial&#8230;.<\/p>","protected":false},"author":1,"featured_media":8738,"comment_status":"open","ping_status":"open","sticky":false,"template":"","format":"standard","meta":{"footnotes":""},"categories":[1],"tags":[],"class_list":["post-8737","post","type-post","status-publish","format-standard","has-post-thumbnail","hentry","category-sem-categoria"],"_links":{"self":[{"href":"https:\/\/museurealcompanhiavelha.pt\/fr\/wp-json\/wp\/v2\/posts\/8737","targetHints":{"allow":["GET"]}}],"collection":[{"href":"https:\/\/museurealcompanhiavelha.pt\/fr\/wp-json\/wp\/v2\/posts"}],"about":[{"href":"https:\/\/museurealcompanhiavelha.pt\/fr\/wp-json\/wp\/v2\/types\/post"}],"author":[{"embeddable":true,"href":"https:\/\/museurealcompanhiavelha.pt\/fr\/wp-json\/wp\/v2\/users\/1"}],"replies":[{"embeddable":true,"href":"https:\/\/museurealcompanhiavelha.pt\/fr\/wp-json\/wp\/v2\/comments?post=8737"}],"version-history":[{"count":13,"href":"https:\/\/museurealcompanhiavelha.pt\/fr\/wp-json\/wp\/v2\/posts\/8737\/revisions"}],"predecessor-version":[{"id":10291,"href":"https:\/\/museurealcompanhiavelha.pt\/fr\/wp-json\/wp\/v2\/posts\/8737\/revisions\/10291"}],"wp:featuredmedia":[{"embeddable":true,"href":"https:\/\/museurealcompanhiavelha.pt\/fr\/wp-json\/wp\/v2\/media\/8738"}],"wp:attachment":[{"href":"https:\/\/museurealcompanhiavelha.pt\/fr\/wp-json\/wp\/v2\/media?parent=8737"}],"wp:term":[{"taxonomy":"category","embeddable":true,"href":"https:\/\/museurealcompanhiavelha.pt\/fr\/wp-json\/wp\/v2\/categories?post=8737"},{"taxonomy":"post_tag","embeddable":true,"href":"https:\/\/museurealcompanhiavelha.pt\/fr\/wp-json\/wp\/v2\/tags?post=8737"}],"curies":[{"name":"wp","href":"https:\/\/api.w.org\/{rel}","templated":true}]}}