{"id":8689,"date":"2021-02-25T14:04:00","date_gmt":"2021-02-25T14:04:00","guid":{"rendered":"https:\/\/museurealcompanhiavelha.pt\/?p=8689"},"modified":"2026-04-06T09:38:08","modified_gmt":"2026-04-06T09:38:08","slug":"logo-real-companhia-velha-parte-1","status":"publish","type":"post","link":"https:\/\/museurealcompanhiavelha.pt\/pt\/logo-real-companhia-velha-parte-1\/","title":{"rendered":"Logo Real Companhia Velha \u2013 Parte 1"},"content":{"rendered":"\n<div class=\"wp-block-group is-vertical is-layout-flex wp-container-core-group-is-layout-8cf370e7 wp-block-group-is-layout-flex\">\n<p><strong><strong><strong><strong><strong>Armas Reais<\/strong><\/strong><\/strong><\/strong><\/strong><\/p>\n\n\n\n<p>As armas reais da na\u00e7\u00e3o portuguesa, s\u00e3o a componente central do logo empresarial da Real Companhia Velha. Como j\u00e1 referimos anteriormente, esta empresa foi detentora de diversas designa\u00e7\u00f5es ao longo dos s\u00e9culos de atividade. O seu percurso hist\u00f3rico encontra-se evidenciado tamb\u00e9m no logotipo que ostenta. O qual, al\u00e9m das j\u00e1 referidas Armas Reais, contempla tamb\u00e9m a figura de Santa Marta, o Drag\u00e3o e ainda a designa\u00e7\u00e3o <em>\u201cProvidencia Regitur\u201d<\/em>. Todos estes componentes ser\u00e3o apresentados e explicados individualmente, ao longo das pr\u00f3ximas semanas. De seguida exploramos ent\u00e3o, o simbolismo e significado das Armas R\u00e9gias, elemento basilar na identidade gr\u00e1fica da Companhia:<\/p>\n\n\n\n<p>S\u00edmbolo identit\u00e1rio de Portugal enquanto na\u00e7\u00e3o, representam a autoridade do Rei e do Estado (realidades que \u00e0 \u00e9poca se confundem) sobre a Companhia. Recorde-se que a cria\u00e7\u00e3o da Companhia se deve \u00e0 iniciativa direta do monarca e que a Institui\u00e7\u00e3o, durante largas d\u00e9cadas, teve uma natureza majest\u00e1tica. Os cinco escudos no centro representam as chagas de Jesus Cristo quando crucificado e simbolizam a gratid\u00e3o de D. Afonso Henriques pela ajuda divina durante as suas batalhas na conquista de Portugal. Os sete castelos em volta simbolizam, de acordo com a tradi\u00e7\u00e3o n\u00e3o historiogr\u00e1fica, mas corroborada por sucessivos cronistas, as fortalezas tomadas aos mouros no Algarve durante o reinado de D. Afonso III. A coroa no topo, introduzida por D. Manuel I em 1495, manifesta a autoridade r\u00e9gia e a centraliza\u00e7\u00e3o do Estado.<\/p>\n\n\n\n<p>Comemorando-se hoje o Carnaval, disponibilizamos o molde de uma m\u00e1scara para colorir (em dois tamanhos), com o logotipo da Companhia. Convidamos toda a fam\u00edlia a participar e a colorir a m\u00e1scara identificando todas as cores que o comp\u00f5em. Bom Carnaval!<\/p>\n\n\n\n<figure class=\"wp-block-image size-full\"><img fetchpriority=\"high\" decoding=\"async\" width=\"708\" height=\"501\" src=\"https:\/\/museurealcompanhiavelha.pt\/wp-content\/uploads\/2025\/12\/image-2.jpeg\" alt=\"\" class=\"wp-image-8697\" title=\"\" srcset=\"https:\/\/museurealcompanhiavelha.pt\/wp-content\/uploads\/2025\/12\/image-2.jpeg 708w, https:\/\/museurealcompanhiavelha.pt\/wp-content\/uploads\/2025\/12\/image-2-300x212.jpeg 300w, https:\/\/museurealcompanhiavelha.pt\/wp-content\/uploads\/2025\/12\/image-2-18x12.jpeg 18w, https:\/\/museurealcompanhiavelha.pt\/wp-content\/uploads\/2025\/12\/image-2-345x245.jpeg 345w, https:\/\/museurealcompanhiavelha.pt\/wp-content\/uploads\/2025\/12\/image-2-415x294.jpeg 415w, https:\/\/museurealcompanhiavelha.pt\/wp-content\/uploads\/2025\/12\/image-2-650x460.jpeg 650w, https:\/\/museurealcompanhiavelha.pt\/wp-content\/uploads\/2025\/12\/image-2-250x177.jpeg 250w, https:\/\/museurealcompanhiavelha.pt\/wp-content\/uploads\/2025\/12\/image-2-600x425.jpeg 600w\" sizes=\"(max-width: 708px) 100vw, 708px\" \/><\/figure>\n\n\n\n<p><a href=\"https:\/\/museurealcompanhiavelha.pt\/wp-content\/uploads\/2026\/04\/Mascara-Crianca.pdf\" target=\"_blank\" rel=\"noreferrer noopener\"><strong>M\u00e1scara Crian\u00e7a<\/strong><\/a><\/p>\n\n\n\n<p><a href=\"https:\/\/museurealcompanhiavelha.pt\/wp-content\/uploads\/2026\/04\/Mascara-Adulto.pdf\" target=\"_blank\" rel=\"noreferrer noopener\"><strong>M\u00e1scara Adulto<\/strong><\/a><\/p>\n\n\n\n<p>Para descarregar o pdf com a imagem clique sobre o nome que se encontra abaixo da figura (M\u00e1scara Adulto ou M\u00e1scara Crian\u00e7a). Para imprimir a imagem dever\u00e1 utilizar a op\u00e7\u00e3o de impress\u00e3o no seu pc e selecionar: tamanho real e orienta\u00e7\u00e3o horizontal.<\/p>\n\n\n\n<p><\/p>\n<\/div>\n\n\n\n<p><\/p>\n","protected":false},"excerpt":{"rendered":"<p>Armas Reais As armas reais da na\u00e7\u00e3o portuguesa, s\u00e3o a componente central do logo empresarial da Real Companhia Velha. Como j\u00e1 referimos anteriormente, esta empresa&#8230;<\/p>\n","protected":false},"author":1,"featured_media":8696,"comment_status":"open","ping_status":"open","sticky":false,"template":"","format":"standard","meta":{"footnotes":""},"categories":[1],"tags":[],"class_list":["post-8689","post","type-post","status-publish","format-standard","has-post-thumbnail","hentry","category-sem-categoria"],"_links":{"self":[{"href":"https:\/\/museurealcompanhiavelha.pt\/pt\/wp-json\/wp\/v2\/posts\/8689","targetHints":{"allow":["GET"]}}],"collection":[{"href":"https:\/\/museurealcompanhiavelha.pt\/pt\/wp-json\/wp\/v2\/posts"}],"about":[{"href":"https:\/\/museurealcompanhiavelha.pt\/pt\/wp-json\/wp\/v2\/types\/post"}],"author":[{"embeddable":true,"href":"https:\/\/museurealcompanhiavelha.pt\/pt\/wp-json\/wp\/v2\/users\/1"}],"replies":[{"embeddable":true,"href":"https:\/\/museurealcompanhiavelha.pt\/pt\/wp-json\/wp\/v2\/comments?post=8689"}],"version-history":[{"count":5,"href":"https:\/\/museurealcompanhiavelha.pt\/pt\/wp-json\/wp\/v2\/posts\/8689\/revisions"}],"predecessor-version":[{"id":10110,"href":"https:\/\/museurealcompanhiavelha.pt\/pt\/wp-json\/wp\/v2\/posts\/8689\/revisions\/10110"}],"wp:featuredmedia":[{"embeddable":true,"href":"https:\/\/museurealcompanhiavelha.pt\/pt\/wp-json\/wp\/v2\/media\/8696"}],"wp:attachment":[{"href":"https:\/\/museurealcompanhiavelha.pt\/pt\/wp-json\/wp\/v2\/media?parent=8689"}],"wp:term":[{"taxonomy":"category","embeddable":true,"href":"https:\/\/museurealcompanhiavelha.pt\/pt\/wp-json\/wp\/v2\/categories?post=8689"},{"taxonomy":"post_tag","embeddable":true,"href":"https:\/\/museurealcompanhiavelha.pt\/pt\/wp-json\/wp\/v2\/tags?post=8689"}],"curies":[{"name":"wp","href":"https:\/\/api.w.org\/{rel}","templated":true}]}}